{"id":9391,"date":"2017-09-23T19:39:25","date_gmt":"2017-09-23T17:39:25","guid":{"rendered":"http:\/\/tutoberri.info\/?p=9391"},"modified":"2019-01-28T12:11:45","modified_gmt":"2019-01-28T11:11:45","slug":"aoiz-muestra-su-pasado-y-su-patrimonio-en-la-exposicion-el-irati","status":"publish","type":"post","link":"https:\/\/tutoberri.info\/?p=9391","title":{"rendered":"Aoiz muestra su pasado y su patrimonio en la exposici\u00f3n El Irati"},"content":{"rendered":"<div id=\"attachment_9392\" style=\"width: 310px\" class=\"wp-caption alignright\"><a href=\"https:\/\/tutoberri.info\/?attachment_id=9392\" rel=\"attachment wp-att-9392\"><img loading=\"lazy\" decoding=\"async\" aria-describedby=\"caption-attachment-9392\" class=\"size-medium wp-image-9392\" src=\"https:\/\/tutoberri.info\/wp-content\/uploads\/2017\/09\/alfredoleonirati-300x168.jpg\" alt=\"\" width=\"300\" height=\"168\" srcset=\"https:\/\/tutoberri.info\/wp-content\/uploads\/2017\/09\/alfredoleonirati-300x168.jpg 300w, https:\/\/tutoberri.info\/wp-content\/uploads\/2017\/09\/alfredoleonirati.jpg 614w\" sizes=\"auto, (max-width: 300px) 100vw, 300px\" \/><\/a><p id=\"caption-attachment-9392\" class=\"wp-caption-text\">Aspecto parcial de la sala en la Casa de Cultura llena en la presentaci\u00f3n de ayer. (M. Zozaya Elduayen)<\/p><\/div>\n<p style=\"text-align: justify;\">Con gran satisfacci\u00f3n y emoci\u00f3n, ayer por la tarde el Ayuntamiento de Aoiz inaugur\u00f3 la exposici\u00f3n que recoge la historia del complejo empresarial El Irati, SA, que fue motor industrial de Aoiz, que guarda las ruinas del viejo aserradero de Ekai, y de la comarca durante gran parte del siglo XX.<\/p>\n<p style=\"text-align: justify;\">Y lo hizo ante una sala de exposiciones repleta de vecinos y vecinas, algunos de los que trabajaron en ella, alcaldes, concejales, secretarios, representantes del Gobierno, la consejera de Interior, Mar\u00eda Jos\u00e9 Beaumont, el director de Patrimonio Hist\u00f3rico de la Instituci\u00f3n Pr\u00edncipe de Viana, Carlos Mart\u00ednez de \u00c1lava, Carlos Garc\u00eda, agente de desarrollo de Cederna, la directora del Museo de Navarra, Susana Irigarai, y de firmas colaboradoras, como Fundaci\u00f3n Caja Navarra. La afluencia fue claro reflejo de la importancia de la ambiciosa muestra en la que un amplio equipo y muchos particulares se han volcado con un extraordinario resultado abierto al p\u00fablico durante tres semanas desde ayer.<\/p>\n<p style=\"text-align: justify;\">Son sus objetivos fundamentales mostrar su importancia y reivindicar la necesidad de intervenci\u00f3n para la conservaci\u00f3n de su patrimonio industrial. Y as\u00ed se puso de manifiesto en las intervenciones ayer por la tarde que abri\u00f3 con emoci\u00f3n la concejal de Hacienda y Turismo, Carmen Cos\u00edn, por medio de un recorrido explicativo lleno de agradecimientos a cuantas personas han hecho que sea realidad.<\/p>\n<p style=\"text-align: justify;\"><strong>ENTUSIASMO. <\/strong>La misma emoci\u00f3n que expres\u00f3 el alcalde, Unai Lako, al subrayar la puesta en valor del patrimonio, la historia, cultura y tradiciones agoizkas como marca de la corporaci\u00f3n que \u00e9l encabeza, y el impulso al turismo por medio de varios proyectos citados.<\/p>\n<p style=\"text-align: justify;\">Lako puso de relieve el entusiasmo con el que ha trabajado el equipo \u201cpara mantener la memoria y la historia de todo lo que ha significado el Irati, una gu\u00eda de identidad, algo que nos emociona, y nos une\u201d signific\u00f3, al tiempo que pon\u00eda de relieve el \u00e1nimo de Carmen Cos\u00edn, el tes\u00f3n de V\u00edctor Manuel Egu\u00eda, el esmero de Alfredo Le\u00f3n y la implicaci\u00f3n de Juan Jes\u00fas Leache y To\u00f1o Villanueva de la Asociaci\u00f3n de Belenistas.<\/p>\n<p style=\"text-align: justify;\">Autores ambos de la maqueta que preside la muestra asumieron el reto de reflejar de la manera m\u00e1s real posible e esplendor del barrio del aserradero de Ekai, tal y como explic\u00f3 To\u00f1o Villanueva.<\/p>\n<p style=\"text-align: justify;\">Con entusiasmo y emoci\u00f3n contenida, intervino despu\u00e9s Alfredo Le\u00f3n, encargado del dise\u00f1o de la exposici\u00f3n, quien agradeci\u00f3 el aprendizaje que para \u00e9l ha significado.<\/p>\n<p style=\"text-align: justify;\">Cerr\u00f3 el turno el historiador del patrimonio industrial, Manuel Eg\u00eda, impulsor de la iniciativa con Carlos Garc\u00eda de Cederna, y autor de los textos de los 13 paneles que componen la muestra, con una explicaci\u00f3n general que inici\u00f3 con la figura del aezkoano Domingo Elizondo, empresario innovador que lo dio todo por el Irati, y apel\u00f3 a su vez a la responsabilidad de conservaci\u00f3n de los restos de Ekai.<\/p>\n<p style=\"text-align: justify;\">La exposici\u00f3n tendr\u00e1 con el tiempo car\u00e1cter permanente, y se sumar\u00e1 a los atractivos de la villa.<\/p>\n<p style=\"text-align: justify;\"><strong>EN CORTO<\/strong><\/p>\n<ul>\n<li>Fechas y horarios. La muestra permanecer\u00e1 abierta desde ayer hasta el 14 de octubre, de martes a s\u00e1bado, de 18.30 a 20.30 horas.<\/li>\n<li>Visitas guiadas. 1 de octubre, a las 13.00 horas, y 6 de octubre, a las 18.30 horas. (Manuel Eg\u00eda).<\/li>\n<li>Contenidos. 13 paneles explicativos con gr\u00e1ficos y fotograf\u00edas, que ponen de relieve el trabajo en cada sector, incluido el de la mujer. 10 paneles con fotos in\u00e9ditas, maqueta de Ekai, de la estaci\u00f3n del tren, y de la esclusa. Proyecci\u00f3n audiovisual Pagoa, con testimonios, otro de RTVE, del a\u00f1o 1987, foto a\u00e9rea de la empresa y otros objetos.<\/li>\n<\/ul>\n<p style=\"text-align: right;\"><em>Komunikabidea: <a href=\"http:\/\/www.noticiasdenavarra.com\/2017\/09\/23\/vecinos\/comarcas\/aoiz-muestra-su-pasado-y-su-patrimonio-industrial-con-la-exposicion-el-irati-sa\" target=\"_blank\" rel=\"noopener\">Diario de Noticias<\/a><\/em><\/p>\n","protected":false},"excerpt":{"rendered":"<p>Con gran satisfacci\u00f3n y emoci\u00f3n, ayer por la tarde el Ayuntamiento de Aoiz inaugur\u00f3 la exposici\u00f3n que recoge la historia del complejo empresarial El Irati,&#46;&#46;&#46;<\/p>\n","protected":false},"author":2020,"featured_media":9392,"comment_status":"open","ping_status":"closed","sticky":false,"template":"","format":"standard","meta":{"footnotes":""},"categories":[20],"tags":[],"class_list":["post-9391","post","type-post","status-publish","format-standard","has-post-thumbnail","hentry","category-hirigintza"],"_links":{"self":[{"href":"https:\/\/tutoberri.info\/index.php?rest_route=\/wp\/v2\/posts\/9391","targetHints":{"allow":["GET"]}}],"collection":[{"href":"https:\/\/tutoberri.info\/index.php?rest_route=\/wp\/v2\/posts"}],"about":[{"href":"https:\/\/tutoberri.info\/index.php?rest_route=\/wp\/v2\/types\/post"}],"author":[{"embeddable":true,"href":"https:\/\/tutoberri.info\/index.php?rest_route=\/wp\/v2\/users\/2020"}],"replies":[{"embeddable":true,"href":"https:\/\/tutoberri.info\/index.php?rest_route=%2Fwp%2Fv2%2Fcomments&post=9391"}],"version-history":[{"count":1,"href":"https:\/\/tutoberri.info\/index.php?rest_route=\/wp\/v2\/posts\/9391\/revisions"}],"predecessor-version":[{"id":9393,"href":"https:\/\/tutoberri.info\/index.php?rest_route=\/wp\/v2\/posts\/9391\/revisions\/9393"}],"wp:featuredmedia":[{"embeddable":true,"href":"https:\/\/tutoberri.info\/index.php?rest_route=\/wp\/v2\/media\/9392"}],"wp:attachment":[{"href":"https:\/\/tutoberri.info\/index.php?rest_route=%2Fwp%2Fv2%2Fmedia&parent=9391"}],"wp:term":[{"taxonomy":"category","embeddable":true,"href":"https:\/\/tutoberri.info\/index.php?rest_route=%2Fwp%2Fv2%2Fcategories&post=9391"},{"taxonomy":"post_tag","embeddable":true,"href":"https:\/\/tutoberri.info\/index.php?rest_route=%2Fwp%2Fv2%2Ftags&post=9391"}],"curies":[{"name":"wp","href":"https:\/\/api.w.org\/{rel}","templated":true}]}}