{"id":9385,"date":"2017-09-24T09:12:22","date_gmt":"2017-09-24T07:12:22","guid":{"rendered":"http:\/\/tutoberri.info\/?p=9385"},"modified":"2019-01-28T11:48:52","modified_gmt":"2019-01-28T10:48:52","slug":"aoiz-reflota-el-irati-s-a","status":"publish","type":"post","link":"https:\/\/tutoberri.info\/?p=9385","title":{"rendered":"Aoiz reflota El Irati S.A."},"content":{"rendered":"<div id=\"attachment_9386\" style=\"width: 310px\" class=\"wp-caption alignright\"><a href=\"https:\/\/tutoberri.info\/?attachment_id=9386\" rel=\"attachment wp-att-9386\"><img loading=\"lazy\" decoding=\"async\" aria-describedby=\"caption-attachment-9386\" class=\"size-medium wp-image-9386\" src=\"https:\/\/tutoberri.info\/wp-content\/uploads\/2017\/09\/eliratimaqueta-300x172.jpg\" alt=\"\" width=\"300\" height=\"172\" srcset=\"https:\/\/tutoberri.info\/wp-content\/uploads\/2017\/09\/eliratimaqueta-300x172.jpg 300w, https:\/\/tutoberri.info\/wp-content\/uploads\/2017\/09\/eliratimaqueta.jpg 629w\" sizes=\"auto, (max-width: 300px) 100vw, 300px\" \/><\/a><p id=\"caption-attachment-9386\" class=\"wp-caption-text\">De izda. a dcha.: V\u00edctor Manuel Egia Astibia (asesor en patrimonio industrial), Alfredo Le\u00f3n Ma\u00f1\u00fa (dise\u00f1ador de la muestra), Idoia Zabalza Garate (traducci\u00f3n al euskera), Carmen Cos\u00edn Reta (concejal de Turismo), Unai Lako Go\u00f1i (alcalde de Aoiz), Juan Jes\u00fas Leache Go\u00f1i, To\u00f1o Villanueva Abaurrea e Isabel Leache Go\u00f1i (belenistas autores de maquetas del aserradero de Ekai y la estaci\u00f3n de tren de Aoiz), y Jes\u00fas Mar\u00eda Larra\u00f1eta Elizondo y Javier Goicoa Juango (aportan maqueta de una esclusa y materiales). Javier Sesma<\/p><\/div>\n<p style=\"text-align: justify;\">Cada foto, cada objeto&#8230; cada rinc\u00f3n de esta sala me trae grandes recuerdos. Fue una empresa muy importante para esta zona, casi lo \u00fanico que hab\u00eda entonces, y es una pena que se haya perdido pr\u00e1cticamente todo. Yo trabaj\u00e9 ah\u00ed 27 a\u00f1os, como medio pueblo en su d\u00eda\u201d. Jos\u00e9 Luis Dendarieta Jaso, agoizko de 68 a\u00f1os, fue uno de los cientos de vecinos que no quisieron perderse cada detalle de\u00a0la exposici\u00f3n \u2018El Irati S.A.\u2019\u00a0que ayer se inauguraba en la\u00a0casa de cultura de Aoiz.\u00a0Una muestra promovida por el consistorio con apoyo de Gobierno, Fundaci\u00f3n Caja Navarra y Cederna Garalur que busca poner sobre la mesa lo que supuso en la primera mitad del siglo XX esta innovadoraempresa maderera, el\u00e9ctrica y qu\u00edmica\u00a0que dio trabajo a cientos de personas, defendiendo adem\u00e1s la importancia de la conservaci\u00f3n del patrimonio industrial.<\/p>\n<p style=\"text-align: justify;\">Fue en el a\u00f1o 1907 cuando el aezkoano Domingo Elizondo fundaba El Irati S.A. Explotaba la madera del bosque Irati, produc\u00eda\u00a0energ\u00eda el\u00e9ctrica a lo largo del r\u00edo, contaba con un ferrocarril el\u00e9ctrico que un\u00eda Pamplona-Aoiz-Sang\u00fcesa y transportaba productos y viajeros, y produc\u00eda desde el aserradero de Ekai (L\u00f3nguida) madera, carb\u00f3n vegetal y productos qu\u00edmicos como \u00e1cido ac\u00e9tico.<\/p>\n<p style=\"text-align: justify;\">Ahora, 110 a\u00f1os despu\u00e9s, el Ayuntamiento de Aoiz pone el acento en esta empresa, transmitiendo su\u00a0importancia a las nuevas generaciones. \u201cLa idea surgi\u00f3 hace cosa de un a\u00f1o y hemos tenido la suerte de contar con un equipo estupendo que se ha volcado en el proyecto\u201d, destac\u00f3 ayer Carmen Cos\u00edn Reta, concejal de Turismo, en un acto inaugural que cont\u00f3 con la asistencia de unos 300 vecinos, autoridades de la zona y la consejera M\u00aa Jos\u00e9 Beaumont.<\/p>\n<p style=\"text-align: justify;\">En la puesta a punto se ha contado con el asesoramiento de V\u00edctor Manuel Egia Astibia, de 65 a\u00f1os y con ra\u00edces en Olaldea, investigador y defensor del patrimonio industrial. \u201cEs un patrimonio tan importante como los dem\u00e1s y que hay que defender. Es una pena, por ejemplo, el\u00a0abandono brutal que sufren las ruinas del aserradero de Ekai\u00a0desde los a\u00f1os 90\u201d, dijo.<\/p>\n<p style=\"text-align: justify;\">Los paneles de la muestra, de cuyo dise\u00f1o se ha encargado el vecino de Aoiz Alfredo Le\u00f3n Ma\u00f1\u00fa y que cuentan con algunas fotos in\u00e9ditas, se basan principalmente en los textos del libro de Egia \u2018El Irati, el sue\u00f1o de Domingo Elizondo\u2019 (traducidos al euskera por Idoia Zabalza Garate). \u201cTambi\u00e9n se han incorporado testimonios de extrabajadores como Timoteo Cos\u00edn o Salvador Salvador, y de mujeres ligadas al aserradero de Ekai, a donde acud\u00edan a llevar comida a los hombres, como Pilar Vergara, Laura Go\u00f1i, Conchita Larrea, Emilia Im\u00edzcoz o Charo Garc\u00eda, esta \u00faltima trabajadora en la cocina del comedor\u201d, dijo Carmen Cos\u00edn.<\/p>\n<p style=\"text-align: justify;\"><strong>GRAN MAQUETA<\/strong><\/p>\n<p style=\"text-align: justify;\">Sin duda una de las partes m\u00e1s atractivas de la muestra, y una de las m\u00e1s curioseadas ayer, es una gran maqueta del barrio aserradero de Ekai\u00a0realizada por los belenistas de Aoiz Juan Jes\u00fas Leache Go\u00f1i, de 63 a\u00f1os, y To\u00f1o Villanueva Abaurrea, de 53. \u201cHa sido un reto que hemos afrontado de marzo a julio, bas\u00e1ndonos en planos y fotos, y tambi\u00e9n tomando medidas in situ. Luego lo cotej\u00e1bamos todo con antiguos trabajadores como Timoteo Cos\u00edn, Miguel Unciti, Fernando Arenal o Luis Irigoyen, entre otros\u201d, explicaron.<\/p>\n<p style=\"text-align: justify;\">Destaca tambi\u00e9n la presencia de otras maquetas, como una de la\u00a0estaci\u00f3n del tren Irati de Aoiz, obra de Isabel Leache Go\u00f1i, o una de una esclusa como las que se empleaban para regular el r\u00edo y ayudar a bajar la madera aguas abajo, de Javier Goicoa Juango y Jes\u00fas M\u00aa Larra\u00f1eta Elizondo, de Orbaizeta. Estos \u00faltimos tambi\u00e9n aportaron herramientas como picas para mover los troncos en el r\u00edo. \u201cEl 98% de mi pueblo trabaj\u00f3 en su d\u00eda en el monte para El Irati\u201d, afirm\u00f3 Goicoa, de 70 a\u00f1os.<\/p>\n<p style=\"text-align: justify;\">El alcalde de Aoiz, Unai Lako Go\u00f1i (EH Bildu), defendi\u00f3 el gran trabajo realizado. \u201cEl Irati es algo que nos emociona y nos une. Ahora, ayuntamientos y Gobierno tenemos que estar de la mano para que no se pierda totalmente el barrio aserradero\u201d, defendi\u00f3.<\/p>\n<p style=\"text-align: justify;\">La muestra permanecer\u00e1 en Aoiz hasta el 14 de octubre, y se prev\u00e9 que luego se traslade al Archivo General de Navarra y se pueda llevar a otros pueblos de la zona, donde se trabaja tambi\u00e9n en torno al proyecto de la v\u00eda verde del Irati. A futuro, se estudia que pueda ser una exposici\u00f3n permanente en Aoiz.<\/p>\n<p style=\"text-align: justify;\"><strong>MATERIALES:<\/strong><\/p>\n<ul>\n<li>13 paneles explicativos con gr\u00e1ficos y fotograf\u00edas, algunas in\u00e9ditas. En ellos se desarrollan todas las secciones que abarcaba la empresa: su impulsor Domingo Elizondo, la saca de madera en el monte Irati, el transporte por el r\u00edo, el aserradero, carb\u00f3n vegetal y destiler\u00eda, las centrales el\u00e9ctricas, el ferrocarril, los trabajadores y trabajadoras&#8230;<\/li>\n<li>10 paneles con fotograf\u00edas in\u00e9ditas de 1918 del fot\u00f3grafo catal\u00e1n Arnau Izard i Llonch.<\/li>\n<li>Maqueta del barrio del aserradero de Ekai de 2,60 x 1,70 m que reproduce con detalle todos los elementos, actualmente en ruinas.<\/li>\n<li>Maqueta de la estaci\u00f3n de tren de Aoiz, con un vag\u00f3n de mercanc\u00edas y otro de pasajeros.<\/li>\n<li>Maqueta de una esclusa, utilizada en el r\u00edo para retener el agua y generar fuertes corrientes al soltarla para favorecer el transporte de la madera por el mismo.<\/li>\n<li>Proyecci\u00f3n del audiovisual \u2018Pagoa\u2019, de 30 minutos de duraci\u00f3n y que recoge los testimonios de varios trabajadores de la empresa. Realizado por Edurne Ma\u00f1\u00fa Aristu, Ruth Etxarte Buezo, Sonia Lamberto Arrar\u00e1s, Ana Jim\u00e9nez Guerra, David Garc\u00eda Garc\u00eda y Juan Cohen.<\/li>\n<li>Proyecci\u00f3n de un documental elaborado por RTVE Navarra en el que se puede ver la empresa en funcionamiento en 1987, de 18 minutos de duraci\u00f3n. Aportado por Miguel Bergasa Larumbe.<\/li>\n<li>Foto a\u00e9rea de gran tama\u00f1o de las instalaciones de la empresa en Ekai.<\/li>\n<li>Objetos y material rescatados de la empresa: maquinas de escribir, garraf\u00f3n para los \u00e1cidos, esparti\u00f1as, n\u00f3minas de la primera \u00e9poca&#8230;<\/li>\n<li>Herramientas y utensilios que se utilizaban para la saca de madera.<\/li>\n<\/ul>\n<p style=\"text-align: right;\"><em>Komunikabidea: <a href=\"http:\/\/www.diariodenavarra.es\/noticias\/navarra\/sanguesa-merindad\/2017\/09\/23\/aoiz-reflota-irati-a-552511-1010.html\" target=\"_blank\" rel=\"noopener\">Diario de Navarra<\/a><\/em><\/p>\n","protected":false},"excerpt":{"rendered":"<p>Cada foto, cada objeto&#8230; cada rinc\u00f3n de esta sala me trae grandes recuerdos. Fue una empresa muy importante para esta zona, casi lo \u00fanico que&#46;&#46;&#46;<\/p>\n","protected":false},"author":2021,"featured_media":9386,"comment_status":"open","ping_status":"closed","sticky":false,"template":"","format":"standard","meta":{"footnotes":""},"categories":[20],"tags":[],"class_list":["post-9385","post","type-post","status-publish","format-standard","has-post-thumbnail","hentry","category-hirigintza"],"_links":{"self":[{"href":"https:\/\/tutoberri.info\/index.php?rest_route=\/wp\/v2\/posts\/9385","targetHints":{"allow":["GET"]}}],"collection":[{"href":"https:\/\/tutoberri.info\/index.php?rest_route=\/wp\/v2\/posts"}],"about":[{"href":"https:\/\/tutoberri.info\/index.php?rest_route=\/wp\/v2\/types\/post"}],"author":[{"embeddable":true,"href":"https:\/\/tutoberri.info\/index.php?rest_route=\/wp\/v2\/users\/2021"}],"replies":[{"embeddable":true,"href":"https:\/\/tutoberri.info\/index.php?rest_route=%2Fwp%2Fv2%2Fcomments&post=9385"}],"version-history":[{"count":3,"href":"https:\/\/tutoberri.info\/index.php?rest_route=\/wp\/v2\/posts\/9385\/revisions"}],"predecessor-version":[{"id":9390,"href":"https:\/\/tutoberri.info\/index.php?rest_route=\/wp\/v2\/posts\/9385\/revisions\/9390"}],"wp:featuredmedia":[{"embeddable":true,"href":"https:\/\/tutoberri.info\/index.php?rest_route=\/wp\/v2\/media\/9386"}],"wp:attachment":[{"href":"https:\/\/tutoberri.info\/index.php?rest_route=%2Fwp%2Fv2%2Fmedia&parent=9385"}],"wp:term":[{"taxonomy":"category","embeddable":true,"href":"https:\/\/tutoberri.info\/index.php?rest_route=%2Fwp%2Fv2%2Fcategories&post=9385"},{"taxonomy":"post_tag","embeddable":true,"href":"https:\/\/tutoberri.info\/index.php?rest_route=%2Fwp%2Fv2%2Ftags&post=9385"}],"curies":[{"name":"wp","href":"https:\/\/api.w.org\/{rel}","templated":true}]}}