{"id":8657,"date":"2017-05-10T11:35:49","date_gmt":"2017-05-10T09:35:49","guid":{"rendered":"http:\/\/tutoberri.info\/?p=8657"},"modified":"2019-01-28T11:49:25","modified_gmt":"2019-01-28T10:49:25","slug":"aoiz-vertebra-su-oferta-turistica-de-naturaleza-y-patrimonio","status":"publish","type":"post","link":"https:\/\/tutoberri.info\/?p=8657","title":{"rendered":"Aoiz vertebra su oferta tur\u00edstica de naturaleza y patrimonio"},"content":{"rendered":"<div id=\"attachment_8658\" style=\"width: 310px\" class=\"wp-caption alignright\"><a href=\"https:\/\/tutoberri.info\/?attachment_id=8658\" rel=\"attachment wp-att-8658\"><img loading=\"lazy\" decoding=\"async\" aria-describedby=\"caption-attachment-8658\" class=\"size-medium wp-image-8658\" src=\"https:\/\/tutoberri.info\/wp-content\/uploads\/2017\/05\/ayuntaturismo-300x171.jpg\" alt=\"\" width=\"300\" height=\"171\" srcset=\"https:\/\/tutoberri.info\/wp-content\/uploads\/2017\/05\/ayuntaturismo-300x171.jpg 300w, https:\/\/tutoberri.info\/wp-content\/uploads\/2017\/05\/ayuntaturismo.jpg 629w\" sizes=\"auto, (max-width: 300px) 100vw, 300px\" \/><\/a><p id=\"caption-attachment-8658\" class=\"wp-caption-text\">Alfredo Le\u00f3n (Comunicaci\u00f3n municipal), Carmen Cos\u00edn (edil de Turismo) y Carlos Garc\u00eda (Cederna Garalur), ante un nuevo cartel tur\u00edstico<\/p><\/div>\n<p style=\"text-align: justify;\">En peque\u00f1os pasos, el Ayuntamiento de Aoiz aborda una estrategia tur\u00edstica en torno a su patrimonio y su naturaleza. Son varias las iniciativas que se est\u00e1n llevando a cabo y que confluyen en los retos fijados por la Agenda 21 local. Marcaje de senderos, se\u00f1alizaci\u00f3n de recursos, elaboraci\u00f3n de folletos, exposiciones especiales, proyectos culturales o la apertura de un \u00e1rea de autocaravanas forman parte de estos trabajos. \u00abLa tur\u00edstica es un \u00e1rea para potenciar en Aoiz, siendo conscientes adem\u00e1s de las dificultades en otros sectores antes m\u00e1s pujantes como la industria\u00bb, destaca el alcalde, Unai Lako (EH Bildu).<\/p>\n<p style=\"text-align: justify;\">As\u00ed, y en una l\u00ednea de trabajo en la que se combina la acci\u00f3n de \u00e1reas como Turismo y Medio Ambiente, la parte de Comunicaci\u00f3n municipal y la agencia de desarrollo de Cederna Garalur, el eje central es el fomento del desarrollo del sector tur\u00edstico mejorando la calidad ambiental del entorno y el mantenimiento del patrimonio.<\/p>\n<p style=\"text-align: justify;\"><strong>PRODUCTO INTERIOR<\/strong><\/p>\n<p style=\"text-align: justify;\">Para el desarrollo del \u00abproducto interior\u00bb, aparte de los habituales recursos tur\u00edsticos locales (iglesia, puente medieval, palacio de Argamasilla&#8230;) se busca diversificar y dar a conocer otros de inter\u00e9s. De cara a un primer impacto hacia el turista, se han colocado grandes paneles en la rotonda de entrada y por el pueblo adelantando la oferta de servicios y tur\u00edstica. Por ejemplo, invitan desde el parking de la parroquia a completar un recorrido patrimonial por el casco urbano o desde la zona de las Compuertas a dar un paseo de naturaleza marcado en torno al r\u00edo Irati. Tambi\u00e9n se han editado folletos como uno de \u00e1rboles singulares y se trabaja en otro m\u00e1s general con toda la oferta (los hay de la iglesia, del conjunto megal\u00edtico de Induriaga&#8230;).<\/p>\n<p style=\"text-align: justify;\">Como dos iniciativas especiales, al final del verano tendr\u00e1 lugar un proyecto cultural sobre los retablos de Juan de Anchieta existentes en iglesias de Aoiz, Tafalla, C\u00e1seda y A\u00f1orbe, y se abrir\u00e1 una exposici\u00f3n en torno a la empresa el\u00e9ctrica y maderera El Irati SA. \u00abCasi todas las familias tuvieron gente trabajando en ella\u00bb, explica Carmen Cos\u00edn, edil de Turismo.<\/p>\n<p style=\"text-align: justify;\">Otros proyectos que ver\u00e1n la luz pr\u00f3ximamente son un \u00e1rea para 9 autocaravanas al final de la urbanizaci\u00f3n Barajitoa, junto a las Compuertas, donde se presentar\u00e1n tambi\u00e9n en un cartel los recursos principales del pueblo, y un \u00e1rea de pirag\u00fcismo y aguas bravas en la zona del antiguo molino. Recientemente se publicaba asimismo una app municipal que informa de los recursos locales.<\/p>\n<p style=\"text-align: justify;\">Por otra parte, recuerdan que Aoiz se encuentra en un punto geogr\u00e1fico en el que pr\u00f3ximamente confluir\u00e1n nuevos productos tur\u00edsticos como la consolidaci\u00f3n del trazado del Tren Irati como v\u00eda verde (Sang\u00fcesa-Aoiz-Ust\u00e1rroz de Eg\u00fc\u00e9s), la recuperaci\u00f3n de la \u00a0calzada romana del Pirineo (de Ekai de L\u00f3nguida a Valcarlos) o los embalses de cola de Itoiz, esencialmente el de Nagore por su cercan\u00eda. \u00abTenemos que estar preparados para atender al turismo que se genere\u00bb, destaca Carlos Garc\u00eda, agente de Cederna del Prepirineo.<\/p>\n<p style=\"text-align: right;\"><em>Komunikabidea: <a href=\"http:\/\/www.diariodenavarra.es\/noticias\/navarra\/sanguesa-merindad\/2017\/05\/05\/aoiz-vertebra-oferta-turistica-naturaleza-patrimonio-530075-1010.html\" target=\"_blank\" rel=\"noopener noreferrer\">Diario de Navarra<\/a><\/em><\/p>\n","protected":false},"excerpt":{"rendered":"<p>En peque\u00f1os pasos, el Ayuntamiento de Aoiz aborda una estrategia tur\u00edstica en torno a su patrimonio y su naturaleza. Son varias las iniciativas que se&#46;&#46;&#46;<\/p>\n","protected":false},"author":2021,"featured_media":8658,"comment_status":"open","ping_status":"closed","sticky":false,"template":"","format":"standard","meta":{"footnotes":""},"categories":[20],"tags":[],"class_list":["post-8657","post","type-post","status-publish","format-standard","has-post-thumbnail","hentry","category-hirigintza"],"_links":{"self":[{"href":"https:\/\/tutoberri.info\/index.php?rest_route=\/wp\/v2\/posts\/8657","targetHints":{"allow":["GET"]}}],"collection":[{"href":"https:\/\/tutoberri.info\/index.php?rest_route=\/wp\/v2\/posts"}],"about":[{"href":"https:\/\/tutoberri.info\/index.php?rest_route=\/wp\/v2\/types\/post"}],"author":[{"embeddable":true,"href":"https:\/\/tutoberri.info\/index.php?rest_route=\/wp\/v2\/users\/2021"}],"replies":[{"embeddable":true,"href":"https:\/\/tutoberri.info\/index.php?rest_route=%2Fwp%2Fv2%2Fcomments&post=8657"}],"version-history":[{"count":4,"href":"https:\/\/tutoberri.info\/index.php?rest_route=\/wp\/v2\/posts\/8657\/revisions"}],"predecessor-version":[{"id":9367,"href":"https:\/\/tutoberri.info\/index.php?rest_route=\/wp\/v2\/posts\/8657\/revisions\/9367"}],"wp:featuredmedia":[{"embeddable":true,"href":"https:\/\/tutoberri.info\/index.php?rest_route=\/wp\/v2\/media\/8658"}],"wp:attachment":[{"href":"https:\/\/tutoberri.info\/index.php?rest_route=%2Fwp%2Fv2%2Fmedia&parent=8657"}],"wp:term":[{"taxonomy":"category","embeddable":true,"href":"https:\/\/tutoberri.info\/index.php?rest_route=%2Fwp%2Fv2%2Fcategories&post=8657"},{"taxonomy":"post_tag","embeddable":true,"href":"https:\/\/tutoberri.info\/index.php?rest_route=%2Fwp%2Fv2%2Ftags&post=8657"}],"curies":[{"name":"wp","href":"https:\/\/api.w.org\/{rel}","templated":true}]}}