{"id":5983,"date":"2015-06-15T09:45:57","date_gmt":"2015-06-15T07:45:57","guid":{"rendered":"http:\/\/tutoberri.info\/?p=5983"},"modified":"2019-01-28T11:45:00","modified_gmt":"2019-01-28T10:45:00","slug":"el-gobierno-de-navarra-aprueba-al-proyecto-de-la-via-verde-del-irati","status":"publish","type":"post","link":"https:\/\/tutoberri.info\/?p=5983","title":{"rendered":"El Gobierno de Navarra aprueba el proyecto de la v\u00eda verde del Irati"},"content":{"rendered":"<p style=\"text-align: justify;\"><a href=\"https:\/\/tutoberri.info\/wp-content\/uploads\/2015\/06\/aserradero.jpg\"><img loading=\"lazy\" decoding=\"async\" class=\"alignleft size-medium wp-image-5967\" src=\"https:\/\/tutoberri.info\/wp-content\/uploads\/2015\/06\/aserradero-300x225.jpg\" alt=\"aserradero\" width=\"300\" height=\"225\" srcset=\"https:\/\/tutoberri.info\/wp-content\/uploads\/2015\/06\/aserradero-300x225.jpg 300w, https:\/\/tutoberri.info\/wp-content\/uploads\/2015\/06\/aserradero.jpg 600w\" sizes=\"auto, (max-width: 300px) 100vw, 300px\" \/><\/a>El Gobierno de Navarra, a propuesta del consejero de Fomento y tras resolver las alegaciones presentadas, aprob\u00f3 el Proyecto Sectorial de Incidencia Supramunicipal de la V\u00eda verde del Irati, tramo Valle de Eg\u00fc\u00e9s- Sang\u00fcesa, promovido por los ayuntamientos de Sang\u00fcesa, Li\u00e9dena, Lumbier, Urra\u00fal Bajo, L\u00f3nguida, Aoiz, Lizo\u00e1in, Urroz Villa y Eg\u00fc\u00e9s. Este proyecto fue declarado PSIS por el Gobierno de Navarra el 17 de septiembre de 2014.<\/p>\n<p style=\"text-align: justify;\">El objeto del proyecto es la recuperaci\u00f3n del trazado del antiguo ferrocarril del Irati como v\u00eda verde e itinerario ciclista, en el tramo de su recorrido comprendido entre las localidades de Ust\u00e1rroz (Valle de Eg\u00fc\u00e9s) y Sang\u00fcesa, inform\u00f3 el Ejecutivo en una nota.<\/p>\n<p style=\"text-align: justify;\">Esta v\u00eda verde se integrar\u00eda en Eurovelo, una red de rutas de larga distancia para cicloturistas que permitir\u00e1 atravesar Europa.<\/p>\n<p style=\"text-align: justify;\">Tambi\u00e9n es objeto del PrSIS el establecimiento de las medidas de protecci\u00f3n y r\u00e9gimen de uso del recorrido. El trazado de la v\u00eda verde del Irati tiene una longitud total de 49,35 kil\u00f3metros y atraviesa los nueve t\u00e9rminos municipales citados.<\/p>\n<p style=\"text-align: justify;\">Con fecha de 23 de marzo de este a\u00f1o las entidades promotoras presentaron diversas modificaciones del trazado con sus correspondientes justificaciones y se procedi\u00f3 a abrir tr\u00e1mites de audiencia a los titulares de las nuevas parcelas afectadas.<\/p>\n<p style=\"text-align: justify;\">Durante el periodo de informaci\u00f3n p\u00fablica del expediente se present\u00f3 un escrito de alegaciones. Posteriormente, durante el plazo de audiencia abierto a los nuevos afectados se recibieron dos nuevas alegaciones. Finalmente, con fecha 15 de mayo, el Ayuntamiento de Sang\u00fcesa ha remitido una instancia solicitando un cambio en la gesti\u00f3n de las expropiaciones, ha a\u00f1adido el Ejecutivo.<\/p>\n<p style=\"text-align: justify;\">Las entidades promotoras han solicitado la declaraci\u00f3n del PrSIS como de utilidad p\u00fablica y urgencia a efectos expropiatorios. En este sentido, se recuerda que el proyecto se enmarca en varias de las directrices que se establecen en la Estrategia Territorial de Navarra para desarrollar sus fines de pol\u00edticas tur\u00edstica, cultural y medioambiental, y se destaca su protecci\u00f3n como camino hist\u00f3rico.<\/p>\n<p style=\"text-align: justify;\">El proyecto est\u00e1 en consonancia con el Plan de Desarrollo del Producto Tur\u00edstico de Navarra, dado que uno de los objetivos principales de la v\u00eda verde del Irati coincide totalmente con el objetivo prioritario del PDPTN, \u00abimpulsar y reforzar la din\u00e1mica tur\u00edstica de la Comunidad Foral de Navarra mediante la creaci\u00f3n de equipamientos, infraestructuras y productos tur\u00edsticos\u00bb.<\/p>\n<p style=\"text-align: right;\"><em>Komunikabidea: <a href=\"http:\/\/www.diariodenavarra.es\/noticias\/navarra\/mas_navarra\/2015\/06\/12\/aprobado_proyecto_via_verde_del_irati_235331_2061.html\" target=\"_blank\">Diario de Navarra<\/a><\/em><\/p>\n","protected":false},"excerpt":{"rendered":"<p>El Gobierno de Navarra, a propuesta del consejero de Fomento y tras resolver las alegaciones presentadas, aprob\u00f3 el Proyecto Sectorial de Incidencia Supramunicipal de la&#46;&#46;&#46;<\/p>\n","protected":false},"author":2021,"featured_media":5967,"comment_status":"open","ping_status":"closed","sticky":false,"template":"","format":"standard","meta":{"footnotes":""},"categories":[20],"tags":[],"class_list":["post-5983","post","type-post","status-publish","format-standard","has-post-thumbnail","hentry","category-hirigintza"],"_links":{"self":[{"href":"https:\/\/tutoberri.info\/index.php?rest_route=\/wp\/v2\/posts\/5983","targetHints":{"allow":["GET"]}}],"collection":[{"href":"https:\/\/tutoberri.info\/index.php?rest_route=\/wp\/v2\/posts"}],"about":[{"href":"https:\/\/tutoberri.info\/index.php?rest_route=\/wp\/v2\/types\/post"}],"author":[{"embeddable":true,"href":"https:\/\/tutoberri.info\/index.php?rest_route=\/wp\/v2\/users\/2021"}],"replies":[{"embeddable":true,"href":"https:\/\/tutoberri.info\/index.php?rest_route=%2Fwp%2Fv2%2Fcomments&post=5983"}],"version-history":[{"count":2,"href":"https:\/\/tutoberri.info\/index.php?rest_route=\/wp\/v2\/posts\/5983\/revisions"}],"predecessor-version":[{"id":6038,"href":"https:\/\/tutoberri.info\/index.php?rest_route=\/wp\/v2\/posts\/5983\/revisions\/6038"}],"wp:featuredmedia":[{"embeddable":true,"href":"https:\/\/tutoberri.info\/index.php?rest_route=\/wp\/v2\/media\/5967"}],"wp:attachment":[{"href":"https:\/\/tutoberri.info\/index.php?rest_route=%2Fwp%2Fv2%2Fmedia&parent=5983"}],"wp:term":[{"taxonomy":"category","embeddable":true,"href":"https:\/\/tutoberri.info\/index.php?rest_route=%2Fwp%2Fv2%2Fcategories&post=5983"},{"taxonomy":"post_tag","embeddable":true,"href":"https:\/\/tutoberri.info\/index.php?rest_route=%2Fwp%2Fv2%2Ftags&post=5983"}],"curies":[{"name":"wp","href":"https:\/\/api.w.org\/{rel}","templated":true}]}}