{"id":4320,"date":"2014-05-16T17:06:36","date_gmt":"2014-05-16T15:06:36","guid":{"rendered":"http:\/\/tutoberri.info\/?p=4320"},"modified":"2019-01-28T11:51:15","modified_gmt":"2019-01-28T10:51:15","slug":"el-acceso-publico-a-itoiz-se-preve-reabrir-de-forma-provisional-tras-15-meses","status":"publish","type":"post","link":"https:\/\/tutoberri.info\/?p=4320","title":{"rendered":"El acceso p\u00fablico a Itoiz se prev\u00e9 reabrir de forma provisional tras 15 meses"},"content":{"rendered":"<p style=\"text-align: justify;\"><a href=\"https:\/\/tutoberri.info\/wp-content\/uploads\/2014\/05\/itoiz_ed659b02.jpg\"><img loading=\"lazy\" decoding=\"async\" class=\"alignleft wp-image-4322 size-medium\" src=\"https:\/\/tutoberri.info\/wp-content\/uploads\/2014\/05\/itoiz_ed659b02-300x214.jpg\" alt=\"_itoiz_ed659b02\" width=\"300\" height=\"214\" srcset=\"https:\/\/tutoberri.info\/wp-content\/uploads\/2014\/05\/itoiz_ed659b02-300x214.jpg 300w, https:\/\/tutoberri.info\/wp-content\/uploads\/2014\/05\/itoiz_ed659b02-495x354.jpg 495w, https:\/\/tutoberri.info\/wp-content\/uploads\/2014\/05\/itoiz_ed659b02-50x35.jpg 50w, https:\/\/tutoberri.info\/wp-content\/uploads\/2014\/05\/itoiz_ed659b02-90x65.jpg 90w, https:\/\/tutoberri.info\/wp-content\/uploads\/2014\/05\/itoiz_ed659b02.jpg 990w\" sizes=\"auto, (max-width: 300px) 100vw, 300px\" \/><\/a>Quince meses lleva ya cerrado el acceso p\u00fablico a la presa del embalse de Itoiz. La causa: un corrimiento de tierra en una ladera ubicada junto a la carretera que lleva a la presa principal desde la auxiliar y que pone en riesgo el paso por ese punto. Podr\u00eda llegar a caer sobre el citado acceso en cualquier momento, y esto llev\u00f3 a la Confederaci\u00f3n Hidrogr\u00e1fica del Ebro (CHE) a impedir el paso en febrero de 2013. A la espera de que se pueda excavar y corregir definitivamente el desprendimiento, la CHE prev\u00e9 habilitar ya de cara a este verano un paso provisional para que turistas y vecinos de la zona puedan acceder hasta la presa, convertida en un referente tur\u00edstico.<br \/>\nEl deslizamiento, de tipo superficial y de unos 10 m de anchura, no lleg\u00f3 a caer sobre la carretera. Comprende unos 1.700 m3 de tierra y rocas. Se localiz\u00f3 en febrero del pasado a\u00f1o, tras un periodo de intensas lluvias. Hasta entonces, se pod\u00eda acceder a pie o en coche de 10.00 a 18.00 horas de forma libre hasta la presa.Seg\u00fan se\u00f1alaron el martes fuentes de la CHE, \u00abno se ha podido ejecutar todav\u00eda esta actuaci\u00f3n al no haber la disponibilidad presupuestaria\u00bb. \u00abNo es una acci\u00f3n prioritaria porque no afecta a la propia explotaci\u00f3n del embalse, pues existen otros accesos, y no compromete la seguridad de la presa\u00bb, dijeron.<\/p>\n<p style=\"text-align: justify;\">Aseguraron que \u00abya existe un proyecto de intervenci\u00f3n\u00bb, que se lleg\u00f3 a valorar en unos 30.000 euros. Entretanto, \u00abse ha planteado configurar un paso provisional, peatonal, reduciendo el actual de 7 a 2,5 m de ancho y transcurriendo por la parte m\u00e1s alejada al talud\u00bb. \u00abAs\u00ed, se dar\u00e1 respuesta al turismo que pueda haber en verano, la \u00e9poca m\u00e1s fuerte de visitas, y siempre valorando que no haya ning\u00fan riesgo\u00bb, indicaron.<\/p>\n<p style=\"text-align: justify;\">Desde la CHE afirmaron tambi\u00e9n que \u00abla intervenci\u00f3n definitiva se har\u00e1, est\u00e1 prevista, aunque a la espera de fondos\u00bb. \u00abNo se tardar\u00e1 mucho tiempo\u00bb, sentenciaron.<\/p>\n<p style=\"text-align: justify;\">Al acceso p\u00fablico a la presa de Itoiz se llega subiendo por la antigua carretera que conduc\u00eda al valle de Arce, una vez atravesado todo el casco urbano de Aoiz. Se instaur\u00f3 en la primavera de 2006. Hay otro acceso privado que emplean los trabajadores y al que se accede desde la zona de huertas junto al r\u00edo Irati y al puente medieval de Aoiz. Ambos caminos, el p\u00fablico y el privado, confluyen en la coronaci\u00f3n de la propia presa.<\/p>\n<p style=\"text-align: justify;\"><strong> REUNI\u00d3N EN FEBRERO<\/strong><\/p>\n<p style=\"text-align: justify;\">El pasado mes de febrero, un a\u00f1o despu\u00e9s de que se clausurara el acceso p\u00fablico a Itoiz, el alcalde de Aoiz, Unai Lako (Bildu), primera poblaci\u00f3n aguas abajo, se reun\u00eda con el presidente de la CHE, Xavier de Pedro. \u00abEntre otros temas, se abord\u00f3 \u00e9ste del acceso. Le recordamos que, independientemente de toda la pol\u00e9mica que hubo con Itoiz, de que nos guste m\u00e1s o menos, es uno de los atractivos tur\u00edsticos. Y que creemos que se debe abrir cuanto antes. Se nos dio un plazo de un mes para intervenir, pero ya se ha sobrepasado con creces\u00bb, lamenta Lako.<\/p>\n<p style=\"text-align: justify;\">\u00abEs importante que est\u00e9 abierto. Aoiz es ahora final de trayecto y todo suma para atraer visitantes, aparte de que son muchos los vecinos que suben hasta el lugar paseando\u00bb, dice.<\/p>\n<p style=\"text-align: right;\"><em>Kazetaria: Aser Vidondo<\/em><br \/>\n<em>Komunikabidea: <a href=\"http:\/\/www.diariodenavarra.es\/noticias\/navarra\/zona_norte_oriental\/2014\/05\/16\/el_acceso_publico_itoiz_preve_reabrir_forma_provisional_tras_meses_159194_1010.html\">Diario de Navarra<\/a><\/em><\/p>\n","protected":false},"excerpt":{"rendered":"<p>Quince meses lleva ya cerrado el acceso p\u00fablico a la presa del embalse de Itoiz. La causa: un corrimiento de tierra en una ladera ubicada&#46;&#46;&#46;<\/p>\n","protected":false},"author":2021,"featured_media":4322,"comment_status":"open","ping_status":"closed","sticky":false,"template":"","format":"standard","meta":{"footnotes":""},"categories":[20],"tags":[],"class_list":["post-4320","post","type-post","status-publish","format-standard","has-post-thumbnail","hentry","category-hirigintza"],"_links":{"self":[{"href":"https:\/\/tutoberri.info\/index.php?rest_route=\/wp\/v2\/posts\/4320","targetHints":{"allow":["GET"]}}],"collection":[{"href":"https:\/\/tutoberri.info\/index.php?rest_route=\/wp\/v2\/posts"}],"about":[{"href":"https:\/\/tutoberri.info\/index.php?rest_route=\/wp\/v2\/types\/post"}],"author":[{"embeddable":true,"href":"https:\/\/tutoberri.info\/index.php?rest_route=\/wp\/v2\/users\/2021"}],"replies":[{"embeddable":true,"href":"https:\/\/tutoberri.info\/index.php?rest_route=%2Fwp%2Fv2%2Fcomments&post=4320"}],"version-history":[{"count":4,"href":"https:\/\/tutoberri.info\/index.php?rest_route=\/wp\/v2\/posts\/4320\/revisions"}],"predecessor-version":[{"id":4328,"href":"https:\/\/tutoberri.info\/index.php?rest_route=\/wp\/v2\/posts\/4320\/revisions\/4328"}],"wp:featuredmedia":[{"embeddable":true,"href":"https:\/\/tutoberri.info\/index.php?rest_route=\/wp\/v2\/media\/4322"}],"wp:attachment":[{"href":"https:\/\/tutoberri.info\/index.php?rest_route=%2Fwp%2Fv2%2Fmedia&parent=4320"}],"wp:term":[{"taxonomy":"category","embeddable":true,"href":"https:\/\/tutoberri.info\/index.php?rest_route=%2Fwp%2Fv2%2Fcategories&post=4320"},{"taxonomy":"post_tag","embeddable":true,"href":"https:\/\/tutoberri.info\/index.php?rest_route=%2Fwp%2Fv2%2Ftags&post=4320"}],"curies":[{"name":"wp","href":"https:\/\/api.w.org\/{rel}","templated":true}]}}