{"id":3621,"date":"2014-01-31T17:22:14","date_gmt":"2014-01-31T16:22:14","guid":{"rendered":"http:\/\/tutoberri.info\/?p=3621"},"modified":"2019-01-28T12:13:33","modified_gmt":"2019-01-28T11:13:33","slug":"urraul-bajo-celebra-la-llegada-del-agua-potable-a-todos-sus-pueblos","status":"publish","type":"post","link":"https:\/\/tutoberri.info\/?p=3621","title":{"rendered":"Urra\u00fal Bajo celebra la llegada del agua potable a todos sus pueblos"},"content":{"rendered":"<p style=\"text-align: justify;\"><a href=\"https:\/\/tutoberri.info\/wp-content\/uploads\/2014\/01\/urraul-alcaldes.jpg_2014012_27953_1.jpg\"><img loading=\"lazy\" decoding=\"async\" class=\"size-medium wp-image-3622 alignleft\" alt=\"urraul-alcaldes.jpg_2014012_27953_1\" src=\"https:\/\/tutoberri.info\/wp-content\/uploads\/2014\/01\/urraul-alcaldes.jpg_2014012_27953_1-300x169.jpg\" width=\"300\" height=\"169\" srcset=\"https:\/\/tutoberri.info\/wp-content\/uploads\/2014\/01\/urraul-alcaldes.jpg_2014012_27953_1-300x169.jpg 300w, https:\/\/tutoberri.info\/wp-content\/uploads\/2014\/01\/urraul-alcaldes.jpg_2014012_27953_1-495x279.jpg 495w, https:\/\/tutoberri.info\/wp-content\/uploads\/2014\/01\/urraul-alcaldes.jpg_2014012_27953_1.jpg 614w\" sizes=\"auto, (max-width: 300px) 100vw, 300px\" \/><\/a>La llegada del agua en alta a Urra\u00fal Bajo tras veinte a\u00f1os de problemas y carencias fue motivo de celebraci\u00f3n ayer en la casa del valle compartida con la presidenta del Gobierno, Yolanda Barcina, que acudi\u00f3 a R\u00edpodas con el consejero de Desarrollo Rural, Medio Ambiente y Administraci\u00f3n Local, Jos\u00e9 Javier Esparza, y el director general de Administraci\u00f3n Local, Francisco P\u00e9rez.<\/p>\n<p style=\"text-align: justify;\">La reciente puesta en servicio de la nueva red fue valorada positivamente por los representantes municipales y pone fin a veinte a\u00f1os de escasez y de desavenencias entre los habitantes, as\u00ed como al desembolso econ\u00f3mico que ten\u00edan que hacer los concejos para abastecer a la poblaci\u00f3n. \u00abEl a\u00f1o pasado nos gastamos 30.000 euros en camiones de agua, pero por fin vamos a poder regar y vivir sin problemas por el agua, que es un bien y una riqueza fundamental que va a generar m\u00e1s riqueza y que la gente se quede y venga a los pueblos\u00bb, argumentaba el alcalde de Urra\u00fal Bajo, Luis Castillo Santesteban, apoyado por Jos\u00e9 Iriarte, agricultor y teniente de alcalde. \u00abEsto va a permitir que nuevos proyectos cobren vida y que disfrutemos en nuestras casas de algo tan b\u00e1sico como el agua\u00bb, expresaba.<\/p>\n<p style=\"text-align: justify;\">Por su parte, Jos\u00e9 \u00c1ngel Garc\u00eda, el alcalde de R\u00edpodas, reconoc\u00eda el privilegio del que han disfrutado en su pueblo donde no ha habido escasez al cogerla de Lumbier.<\/p>\n<p style=\"text-align: justify;\">La nueva red permite que el agua llegue a los grifos de las casas habitadas por 300 vecinos fijos, cantidad que se dobla estacionalmente. \u00abSomos pocos, pero tenemos los mismos derechos y necesidades que los dem\u00e1s navarros. El agua es vida\u00bb, matizaba Francisco Javier Iriarte, alcalde de San Vicente.<\/p>\n<p style=\"text-align: justify;\">Esta es la \u00faltima extensi\u00f3n de la denominada Soluci\u00f3n Irati, que suministra agua a las poblaciones de: Aldunate, Artieda, Grez, Nardu\u00e9s-Aldunate, Nardu\u00e9s-Andurra, R\u00edpodas, Sanso\u00e1in, San Vicente y Tabar, en Urra\u00fal Bajo; y Meoz, Oleta y Villanueva de L\u00f3nguida, en L\u00f3nguida, que junto a los municipios de Aoiz y Lumbier suman 4.583 habitantes de 19 poblaciones a los que se abastece de agua potable.<\/p>\n<p style=\"text-align: justify;\">Por este motivo, tampoco faltaron al acto los alcaldes de estas localidades: Unai Lako (Aoiz), Mauro Gogorcena (Lumbier) y Roberto Zazpe (L\u00f3nguida). \u00abEsta es una soluci\u00f3n de conjunto buena para todos los pueblos\u00bb, aseguraban. Repasaban al mismo tiempo c\u00f3mo al comienzo de esta legislatura se encontraron con la tercera fase sin pagar y bloqueadas la 4\u00aa y la 5\u00aa. Entre los cuatro se propusieron desbloquear la situaci\u00f3n.<\/p>\n<p style=\"text-align: justify;\">La inversi\u00f3n global ha sido de 7,8 millones de euros, que Yolanda Barcina recalc\u00f3, as\u00ed como la aportaci\u00f3n del 90% del Gobierno. El agua del Canal de Navarra llega al valle y tambi\u00e9n se encuentra con sus detractores. La concejala de Urra\u00fal Bajo Ana Jes\u00fas Iriarte y dos vecinos extendieron pancarta contra la soluci\u00f3n pol\u00edtica impositiva de UPN y contra sus recortes.<\/p>\n<p style=\"text-align: right;\"><em>Medio de comunicaci\u00f3n: <a href=\"http:\/\/www.noticiasdenavarra.com\/2014\/01\/28\/vecinos\/comarcas\/urraul-bajo-celebra-la-llegada-del-agua-potable-a-todos-sus-pueblos\">Diario de Noticias<\/a>.<\/em><\/p>\n","protected":false},"excerpt":{"rendered":"<p>La llegada del agua en alta a Urra\u00fal Bajo tras veinte a\u00f1os de problemas y carencias fue motivo de celebraci\u00f3n ayer en la casa del&#46;&#46;&#46;<\/p>\n","protected":false},"author":2020,"featured_media":3622,"comment_status":"open","ping_status":"closed","sticky":false,"template":"","format":"standard","meta":{"footnotes":""},"categories":[20],"tags":[],"class_list":["post-3621","post","type-post","status-publish","format-standard","has-post-thumbnail","hentry","category-hirigintza"],"_links":{"self":[{"href":"https:\/\/tutoberri.info\/index.php?rest_route=\/wp\/v2\/posts\/3621","targetHints":{"allow":["GET"]}}],"collection":[{"href":"https:\/\/tutoberri.info\/index.php?rest_route=\/wp\/v2\/posts"}],"about":[{"href":"https:\/\/tutoberri.info\/index.php?rest_route=\/wp\/v2\/types\/post"}],"author":[{"embeddable":true,"href":"https:\/\/tutoberri.info\/index.php?rest_route=\/wp\/v2\/users\/2020"}],"replies":[{"embeddable":true,"href":"https:\/\/tutoberri.info\/index.php?rest_route=%2Fwp%2Fv2%2Fcomments&post=3621"}],"version-history":[{"count":3,"href":"https:\/\/tutoberri.info\/index.php?rest_route=\/wp\/v2\/posts\/3621\/revisions"}],"predecessor-version":[{"id":17816,"href":"https:\/\/tutoberri.info\/index.php?rest_route=\/wp\/v2\/posts\/3621\/revisions\/17816"}],"wp:featuredmedia":[{"embeddable":true,"href":"https:\/\/tutoberri.info\/index.php?rest_route=\/wp\/v2\/media\/3622"}],"wp:attachment":[{"href":"https:\/\/tutoberri.info\/index.php?rest_route=%2Fwp%2Fv2%2Fmedia&parent=3621"}],"wp:term":[{"taxonomy":"category","embeddable":true,"href":"https:\/\/tutoberri.info\/index.php?rest_route=%2Fwp%2Fv2%2Fcategories&post=3621"},{"taxonomy":"post_tag","embeddable":true,"href":"https:\/\/tutoberri.info\/index.php?rest_route=%2Fwp%2Fv2%2Ftags&post=3621"}],"curies":[{"name":"wp","href":"https:\/\/api.w.org\/{rel}","templated":true}]}}