{"id":32520,"date":"2026-01-16T01:55:00","date_gmt":"2026-01-16T00:55:00","guid":{"rendered":"https:\/\/tutoberri.info\/?p=32520"},"modified":"2026-01-15T22:00:08","modified_gmt":"2026-01-15T21:00:08","slug":"mikel-urrestarazu-convocado-por-espana-sub-17","status":"publish","type":"post","link":"https:\/\/tutoberri.info\/?p=32520","title":{"rendered":"Mikel Urrestarazu convocado por Espa\u00f1a Sub-17"},"content":{"rendered":"<p style=\"text-align: justify;\"><a href=\"https:\/\/tutoberri.info\/wp-content\/uploads\/2026\/01\/mikel-urrestarazu-carreras_SM1.png\"><img loading=\"lazy\" decoding=\"async\" class=\"alignright size-full wp-image-32521\" src=\"https:\/\/tutoberri.info\/wp-content\/uploads\/2026\/01\/mikel-urrestarazu-carreras_SM1.png\" alt=\"\" width=\"270\" height=\"270\" srcset=\"https:\/\/tutoberri.info\/wp-content\/uploads\/2026\/01\/mikel-urrestarazu-carreras_SM1.png 270w, https:\/\/tutoberri.info\/wp-content\/uploads\/2026\/01\/mikel-urrestarazu-carreras_SM1-150x150.png 150w, https:\/\/tutoberri.info\/wp-content\/uploads\/2026\/01\/mikel-urrestarazu-carreras_SM1-80x80.png 80w\" sizes=\"auto, (max-width: 270px) 100vw, 270px\" \/><\/a>La Real Federaci\u00f3n Espa\u00f1ola de F\u00fatbol (RFEF) ha anunciado la lista de convocados de la Selecci\u00f3n Espa\u00f1ola Sub-17 para los pr\u00f3ximos compromisos internacionales -dos duelos contra Italia en Las Rozas-, destacando la presencia del defensa navarro Mikel Urrestarazu y del guardameta Darlington Chichoro, nacido en Murcia pero formado en el Gazte Berriak y actualmente parte del Manchester United.<\/p>\n<p style=\"text-align: justify;\">Mikel Urrestarazu Carreras naci\u00f3 en Aoiz el 23 de abril de 2009 y ha disputado 14 partidos con el Divisi\u00f3n de Honor del Athletic Club esta temporada, adem\u00e1s de un partido de la Premier League International Cup y otro de la UEFA Youth League.<\/p>\n<p style=\"text-align: justify;\"><em>Para seguir leyendo la noticia original, <a href=\"https:\/\/www.diariodenavarra.es\/noticias\/deportes\/futbol\/2026\/01\/14\/navarro-mikel-urrestarazu-athletic-exjugador-gazte-berriak-darlington-chichoro-manu-convocados-espana-sub-17-806612-31.html\">clicar aqu\u00ed<\/a>.<\/em><\/p>\n","protected":false},"excerpt":{"rendered":"<p>La Real Federaci\u00f3n Espa\u00f1ola de F\u00fatbol (RFEF) ha anunciado la lista de convocados de la Selecci\u00f3n Espa\u00f1ola Sub-17 para los pr\u00f3ximos compromisos internacionales -dos duelos&#46;&#46;&#46;<\/p>\n","protected":false},"author":2021,"featured_media":32521,"comment_status":"closed","ping_status":"closed","sticky":false,"template":"","format":"standard","meta":{"footnotes":""},"categories":[3],"tags":[],"class_list":["post-32520","post","type-post","status-publish","format-standard","has-post-thumbnail","hentry","category-kirolak"],"_links":{"self":[{"href":"https:\/\/tutoberri.info\/index.php?rest_route=\/wp\/v2\/posts\/32520","targetHints":{"allow":["GET"]}}],"collection":[{"href":"https:\/\/tutoberri.info\/index.php?rest_route=\/wp\/v2\/posts"}],"about":[{"href":"https:\/\/tutoberri.info\/index.php?rest_route=\/wp\/v2\/types\/post"}],"author":[{"embeddable":true,"href":"https:\/\/tutoberri.info\/index.php?rest_route=\/wp\/v2\/users\/2021"}],"replies":[{"embeddable":true,"href":"https:\/\/tutoberri.info\/index.php?rest_route=%2Fwp%2Fv2%2Fcomments&post=32520"}],"version-history":[{"count":1,"href":"https:\/\/tutoberri.info\/index.php?rest_route=\/wp\/v2\/posts\/32520\/revisions"}],"predecessor-version":[{"id":32522,"href":"https:\/\/tutoberri.info\/index.php?rest_route=\/wp\/v2\/posts\/32520\/revisions\/32522"}],"wp:featuredmedia":[{"embeddable":true,"href":"https:\/\/tutoberri.info\/index.php?rest_route=\/wp\/v2\/media\/32521"}],"wp:attachment":[{"href":"https:\/\/tutoberri.info\/index.php?rest_route=%2Fwp%2Fv2%2Fmedia&parent=32520"}],"wp:term":[{"taxonomy":"category","embeddable":true,"href":"https:\/\/tutoberri.info\/index.php?rest_route=%2Fwp%2Fv2%2Fcategories&post=32520"},{"taxonomy":"post_tag","embeddable":true,"href":"https:\/\/tutoberri.info\/index.php?rest_route=%2Fwp%2Fv2%2Ftags&post=32520"}],"curies":[{"name":"wp","href":"https:\/\/api.w.org\/{rel}","templated":true}]}}