{"id":3096,"date":"2013-10-17T19:03:43","date_gmt":"2013-10-17T17:03:43","guid":{"rendered":"http:\/\/tutoberri.info\/?p=3096"},"modified":"2019-01-28T12:13:33","modified_gmt":"2019-01-28T11:13:33","slug":"la-central-electrica-de-aoiz-que-toma-agua-del-canal-navarra-en-marcha-tras-11-millones-de-inversion","status":"publish","type":"post","link":"https:\/\/tutoberri.info\/?p=3096","title":{"rendered":"La central el\u00e9ctrica de Aoiz que toma agua del Canal Navarra, en marcha tras 11 millones de inversi\u00f3n"},"content":{"rendered":"<p style=\"text-align: justify;\"><a href=\"https:\/\/tutoberri.info\/wp-content\/uploads\/2013\/10\/171013pe70b3_15242_1.jpg\"><img loading=\"lazy\" decoding=\"async\" class=\"size-medium wp-image-3108 alignleft\" alt=\"171013pe70b3_15242_1\" src=\"https:\/\/tutoberri.info\/wp-content\/uploads\/2013\/10\/171013pe70b3_15242_1-300x170.jpg\" width=\"300\" height=\"170\" srcset=\"https:\/\/tutoberri.info\/wp-content\/uploads\/2013\/10\/171013pe70b3_15242_1-300x170.jpg 300w, https:\/\/tutoberri.info\/wp-content\/uploads\/2013\/10\/171013pe70b3_15242_1-495x280.jpg 495w, https:\/\/tutoberri.info\/wp-content\/uploads\/2013\/10\/171013pe70b3_15242_1.jpg 614w\" sizes=\"auto, (max-width: 300px) 100vw, 300px\" \/><\/a>La central hidroel\u00e9ctrica de toma del Canal de Navarra, puesta hoy en funcionamiento en Aoiz tras una inversi\u00f3n de 10,9 millones de euros, ser\u00e1 capaz de generar durante el primer a\u00f1o de explotaci\u00f3n 7.500 Mwh, que podr\u00e1n incrementarse hasta 30.000, una vez que el Canal est\u00e9 a pleno rendimiento.<\/p>\n<p style=\"text-align: justify;\">PAMPLONA. Este proyecto forma parte del Canal de Navarra, que prev\u00e9 la transformaci\u00f3n en regad\u00edo de 59.160 hect\u00e1reas, el abastecimiento urbano e industrial del 60% de la poblaci\u00f3n de la Comunidad Foral y la construcci\u00f3n de tres centrales hidroel\u00e9ctricas, ha se\u00f1alado hoy en un comunicado el Ministerio de Agricultura, Alimentaci\u00f3n y Medio Ambiente, responsable del proyecto a trav\u00e9s de la sociedad p\u00fablica Canal de Navarra, S.A. (Canasa).<\/p>\n<p style=\"text-align: justify;\">Una vez superado el periodo de pruebas, la puesta en marcha se ha celebrado con un acto al que han asistido la presidenta del Gobierno de Navarra, Yolanda Barcina, la directora general de Canasa, Ar\u00e1nzazu Vallejo, y la delegada del Gobierno en Navarra, Carmen Alba.<\/p>\n<p style=\"text-align: justify;\">Esta nueva infraestructura, que tiene 20 Mw de potencia m\u00e1xima, forma parte de las obras contempladas en el Canal de Navarra, que adem\u00e1s de la construcci\u00f3n de los 198 kil\u00f3metros de longitud del canal, inclu\u00eda tambi\u00e9n la ejecuci\u00f3n de la Central Hidroel\u00e9ctrica de Pie de Presa de Itoiz, ya en funcionamiento.<\/p>\n<p style=\"text-align: justify;\">El Canal de Navarra tiene como principal objetivo la transformaci\u00f3n en regad\u00edo de 59.160 hect\u00e1reas, el abastecimiento urbano e industrial del 60 % de la poblaci\u00f3n y la generaci\u00f3n de energ\u00eda el\u00e9ctrica, para llegar a cubrir el 6,5 % del consumo de la Comunidad Foral.<\/p>\n<p style=\"text-align: justify;\">La inversi\u00f3n total del proyecto del Canal asciende a 723,7 millones de euros, seg\u00fan dicha fuente, que ha recordado que la Administraci\u00f3n General del Estado y la Comunidad Foral de Navarra cubrir\u00e1n el 50 % del coste de la inversi\u00f3n con fondos propios de la sociedad p\u00fablica Canal de Navarra, S.A., de los cuales el Estado aportar\u00e1 el 60 % y Navarra el 40 %.<\/p>\n<p style=\"text-align: justify;\">El 50 % restante se financia mediante la concertaci\u00f3n de una serie de pr\u00e9stamos, que se amortizar\u00e1n mediante la fijaci\u00f3n de las tarifas a los usuarios y los recursos generados por las centrales hidroel\u00e9ctricas.<\/p>\n<p style=\"text-align: justify;\">El Ministerio ha anunciado adem\u00e1s que el pr\u00f3ximo a\u00f1o comenzar\u00e1n a ejecutarse las obras de ampliaci\u00f3n de la primera fase de los trabajos y la redacci\u00f3n de los proyectos previstos en la segunda fase, con el objetivo de incrementar en un 11,4 % la superficie regable, tal y como figura en el acuerdo suscrito el pasado mes de agosto por el ministro Miguel Arias Ca\u00f1ete y la presidenta Yolanda Barcina.<\/p>\n<p style=\"text-align: right;\">Komunikabidea: <a href=\"http:\/\/www.noticiasdenavarra.com\/2013\/10\/17\/economia\/la-central-electrica-de-aoiz-que-toma-agua-del-canal-navarra-en-marcha-tras-11-millones-de-inversion\">Diario de Noticias<\/a><\/p>\n","protected":false},"excerpt":{"rendered":"<p>La central hidroel\u00e9ctrica de toma del Canal de Navarra, puesta hoy en funcionamiento en Aoiz tras una inversi\u00f3n de 10,9 millones de euros, ser\u00e1 capaz&#46;&#46;&#46;<\/p>\n","protected":false},"author":2020,"featured_media":3108,"comment_status":"open","ping_status":"closed","sticky":false,"template":"","format":"standard","meta":{"footnotes":""},"categories":[20],"tags":[],"class_list":["post-3096","post","type-post","status-publish","format-standard","has-post-thumbnail","hentry","category-hirigintza"],"_links":{"self":[{"href":"https:\/\/tutoberri.info\/index.php?rest_route=\/wp\/v2\/posts\/3096","targetHints":{"allow":["GET"]}}],"collection":[{"href":"https:\/\/tutoberri.info\/index.php?rest_route=\/wp\/v2\/posts"}],"about":[{"href":"https:\/\/tutoberri.info\/index.php?rest_route=\/wp\/v2\/types\/post"}],"author":[{"embeddable":true,"href":"https:\/\/tutoberri.info\/index.php?rest_route=\/wp\/v2\/users\/2020"}],"replies":[{"embeddable":true,"href":"https:\/\/tutoberri.info\/index.php?rest_route=%2Fwp%2Fv2%2Fcomments&post=3096"}],"version-history":[{"count":5,"href":"https:\/\/tutoberri.info\/index.php?rest_route=\/wp\/v2\/posts\/3096\/revisions"}],"predecessor-version":[{"id":3114,"href":"https:\/\/tutoberri.info\/index.php?rest_route=\/wp\/v2\/posts\/3096\/revisions\/3114"}],"wp:featuredmedia":[{"embeddable":true,"href":"https:\/\/tutoberri.info\/index.php?rest_route=\/wp\/v2\/media\/3108"}],"wp:attachment":[{"href":"https:\/\/tutoberri.info\/index.php?rest_route=%2Fwp%2Fv2%2Fmedia&parent=3096"}],"wp:term":[{"taxonomy":"category","embeddable":true,"href":"https:\/\/tutoberri.info\/index.php?rest_route=%2Fwp%2Fv2%2Fcategories&post=3096"},{"taxonomy":"post_tag","embeddable":true,"href":"https:\/\/tutoberri.info\/index.php?rest_route=%2Fwp%2Fv2%2Ftags&post=3096"}],"curies":[{"name":"wp","href":"https:\/\/api.w.org\/{rel}","templated":true}]}}