{"id":29958,"date":"2024-09-21T17:29:59","date_gmt":"2024-09-21T15:29:59","guid":{"rendered":"https:\/\/tutoberri.info\/?p=29958"},"modified":"2024-09-22T11:30:28","modified_gmt":"2024-09-22T09:30:28","slug":"agoizko-mendi-lasterketa","status":"publish","type":"post","link":"https:\/\/tutoberri.info\/?p=29958","title":{"rendered":"La Copa Navarra se reactiva tras el par\u00f3n veraniego con la VIII Carrera por Monta\u00f1a de Aoiz"},"content":{"rendered":"<p style=\"text-align: justify;\">Tras el par\u00f3n veraniego, la Copa Navarra de carreras que organiza la Federaci\u00f3n Navarra de Deportes de Monta\u00f1a y Escalada ha retomado su actividad este domingo 15 de septiembre por la ma\u00f1ana con la VIII Carrera por Monta\u00f1a de Aoiz. Una carrera, celebrada en una ma\u00f1ana ideal para correr con sol y una temperatura fresca, que ha reunido a casi un centenar y medio de deportistas en dos recorridos alternativos: uno de 21,5 kil\u00f3metros (1.400m+) y otro de 11 (700m+).<\/p>\n<p style=\"text-align: justify;\"><em>Para seguir leyendo la noticia original, <a href=\"https:\/\/www.diariodenavarra.es\/noticias\/deportes\/dn-running\/2024\/09\/15\/copa-navarra-reactiva-el-paron-veraniego-viii-carrera-montana-aoiz-622038-2621.html\">clicar aqu\u00ed<\/a>.<\/em><\/p>\n<hr \/>\n<p><a href=\"https:\/\/www.kronoak.com\/live\/2024\/aoizml\/\" target=\"_blank\" rel=\"noopener\">CLASIFICACIONES COMPLETAS, PINCHANDO AQU\u00cd<\/a><\/p>\n<hr \/>\n<p style=\"text-align: justify;\">Hemen duzue Driverako esteka, boluntarioek pasatu dizkiguten argazkiekin.<\/p>\n<p><a href=\"https:\/\/drive.google.com\/drive\/folders\/1alCokr3Yys1RB7Ck34fC_BxlQT2hNsbB\">https:\/\/drive.google.com\/drive\/folders\/1alCokr3Yys1RB7Ck34fC_BxlQT2hNsbB<\/a><\/p>\n<hr \/>\n<p style=\"text-align: justify;\">Hemen duzue Agoizko Mendi Lasterketaren zortzigarren edizioaren bideoa. Beste behin ere, eskerrik asko korrikalari, boluntario eta babesleei. Zuen ekarpenik gabe ezinezkoa izango litzateke lasterketa hau antolatzea. Eta esker berezia Kraken Sporti bideo eder honen grabazio eta edizioarekin egindako lanagatik.<\/p>\n<div class=\"video-container\"><iframe loading=\"lazy\" title=\"Agoizko Mendi Lasterketa 2024\" width=\"500\" height=\"281\" src=\"https:\/\/www.youtube.com\/embed\/W6RglnkWiaM?feature=oembed&#038;wmode=opaque\" frameborder=\"0\" allow=\"accelerometer; autoplay; clipboard-write; encrypted-media; gyroscope; picture-in-picture; web-share\" referrerpolicy=\"strict-origin-when-cross-origin\" allowfullscreen><\/iframe><\/div>\n","protected":false},"excerpt":{"rendered":"<p>Tras el par\u00f3n veraniego, la Copa Navarra de carreras que organiza la Federaci\u00f3n Navarra de Deportes de Monta\u00f1a y Escalada ha retomado su actividad este&#46;&#46;&#46;<\/p>\n","protected":false},"author":2021,"featured_media":30020,"comment_status":"closed","ping_status":"closed","sticky":false,"template":"","format":"standard","meta":{"footnotes":""},"categories":[3],"tags":[],"class_list":["post-29958","post","type-post","status-publish","format-standard","has-post-thumbnail","hentry","category-kirolak"],"_links":{"self":[{"href":"https:\/\/tutoberri.info\/index.php?rest_route=\/wp\/v2\/posts\/29958","targetHints":{"allow":["GET"]}}],"collection":[{"href":"https:\/\/tutoberri.info\/index.php?rest_route=\/wp\/v2\/posts"}],"about":[{"href":"https:\/\/tutoberri.info\/index.php?rest_route=\/wp\/v2\/types\/post"}],"author":[{"embeddable":true,"href":"https:\/\/tutoberri.info\/index.php?rest_route=\/wp\/v2\/users\/2021"}],"replies":[{"embeddable":true,"href":"https:\/\/tutoberri.info\/index.php?rest_route=%2Fwp%2Fv2%2Fcomments&post=29958"}],"version-history":[{"count":4,"href":"https:\/\/tutoberri.info\/index.php?rest_route=\/wp\/v2\/posts\/29958\/revisions"}],"predecessor-version":[{"id":30027,"href":"https:\/\/tutoberri.info\/index.php?rest_route=\/wp\/v2\/posts\/29958\/revisions\/30027"}],"wp:featuredmedia":[{"embeddable":true,"href":"https:\/\/tutoberri.info\/index.php?rest_route=\/wp\/v2\/media\/30020"}],"wp:attachment":[{"href":"https:\/\/tutoberri.info\/index.php?rest_route=%2Fwp%2Fv2%2Fmedia&parent=29958"}],"wp:term":[{"taxonomy":"category","embeddable":true,"href":"https:\/\/tutoberri.info\/index.php?rest_route=%2Fwp%2Fv2%2Fcategories&post=29958"},{"taxonomy":"post_tag","embeddable":true,"href":"https:\/\/tutoberri.info\/index.php?rest_route=%2Fwp%2Fv2%2Ftags&post=29958"}],"curies":[{"name":"wp","href":"https:\/\/api.w.org\/{rel}","templated":true}]}}