{"id":2757,"date":"2013-08-10T10:45:59","date_gmt":"2013-08-10T08:45:59","guid":{"rendered":"http:\/\/tutoberri.info\/?p=2757"},"modified":"2019-01-28T11:51:41","modified_gmt":"2019-01-28T10:51:41","slug":"aoiz-reabre-dos-calles-cerradas-por-andamios-desde-2007","status":"publish","type":"post","link":"https:\/\/tutoberri.info\/?p=2757","title":{"rendered":"Aoiz reabre dos calles cerradas por andamios desde 2007"},"content":{"rendered":"<p><a href=\"https:\/\/tutoberri.info\/wp-content\/uploads\/2013\/06\/13200217_171cd31d.jpg\"><img loading=\"lazy\" decoding=\"async\" class=\"size-medium wp-image-2758 alignleft\" alt=\"_13200217_171cd31d\" src=\"https:\/\/tutoberri.info\/wp-content\/uploads\/2013\/06\/13200217_171cd31d-300x172.jpg\" width=\"300\" height=\"172\" srcset=\"https:\/\/tutoberri.info\/wp-content\/uploads\/2013\/06\/13200217_171cd31d-300x172.jpg 300w, https:\/\/tutoberri.info\/wp-content\/uploads\/2013\/06\/13200217_171cd31d.jpg 467w\" sizes=\"auto, (max-width: 300px) 100vw, 300px\" \/><\/a><\/p>\n<p style=\"text-align: justify;\">Con alivio y alegr\u00eda. As\u00ed han recibido los vecinos de <strong>Aoiz<\/strong>, principalmente en el casco antiguo, la apertura de dos tramos de la <strong>calle Trinquete <\/strong>que permanec\u00edan cerrados desde principios de 2007. El gran andamiaje que sujetaba las fachadas de la hist\u00f3rica <strong>Casa D\u00edaz<\/strong>, cuyo interior fue derribado en el marco de un proyecto para construir un apartahotel que nunca se efectu\u00f3, se ha pasado ahora al interior del solar, permiti\u00e9ndose ya el paso por las calles. El Ayuntamiento ha ejecutado el proyecto de forma subsidiaria y se requerir\u00e1 el coste a los propietarios del edificio.<\/p>\n<p style=\"text-align: justify;\">\u00abCasi ni me lo creo. Era indignante la situaci\u00f3n a la que se hab\u00eda llegado y estamos contentos con la soluci\u00f3n. Tener estas calles cerradas era desastroso para el casco viejo. Obligaba a salir con los cr\u00edos hacia la traves\u00eda, con m\u00e1s tr\u00e1fico y peligro, y dejaba mucha suciedad\u00bb, opinaba <strong>Mertxe En\u00e9riz<\/strong>, de 40 a\u00f1os y vecina de la calle Trinquete. <strong>Asunci\u00f3n Echeverr\u00eda<\/strong>, de 30 a\u00f1os y tambi\u00e9n vecina del Trinquete, defini\u00f3 la reapertura de las calles como una \u00abliberaci\u00f3n\u00bb. \u00abYa era hora. Hartaba eso de estar 6 a\u00f1os sin poder pasar por las calles. Ahora esperemos que la piedra est\u00e9 bien sujeta por dentro y no se caiga\u00bb.<\/p>\n<p style=\"text-align: justify;\">Seg\u00fan explic\u00f3 el alcalde, <strong>Unai Lako <\/strong>(Bildu), la intervenci\u00f3n se efect\u00faa \u00abpor razones de seguridad, salubridad e inter\u00e9s p\u00fablico\u00bb. Los trabajos empezaron a mediados de julio y acaban esta semana. Un arquitecto redact\u00f3 el proyecto. Costar\u00e1n al consistorio <strong>70.000 euros<\/strong> (se afrontan en principio con fondos propios) y se adjudicaron a la empresa Arian. Se ha montado una estructura nueva de andamiaje interior para sujetar la fachada de piedra y se ha desmontado la exterior. \u00abActuamos mediante ejecuci\u00f3n subsidiaria. O los dos propietarios pagan el traslado, o se actuar\u00e1 contra sus bienes, mediante recaudaci\u00f3n ejecutiva\u00bb, se\u00f1al\u00f3. Tambi\u00e9n se les cargar\u00e1 el coste del andamiaje que adelantar\u00e1 el consistorio, unos 400 euros al mes.<\/p>\n<p style=\"text-align: justify;\"><strong>A\u00f1os de gestiones<\/strong><\/p>\n<p style=\"text-align: justify;\">Al menos desde 2004 se ven\u00eda hablando de la posibilidad de habilitar un <strong>apartahotel \u00abcon encanto\u00bb <\/strong>en Casa D\u00edaz, edificio del siglo XVIII. A principios de 2007 se instalaban en torno al inmueble andamios de 15 m de altura sujetos por grandes bloques de hormig\u00f3n para fijar la estructura, cort\u00e1ndose as\u00ed totalmente el tramo de la calle Trinquete con la calle Nueva, y al tr\u00e1fico la Trinquete hacia la plaza del Mercado. En 2009, por su inestabilidad, se derribaba el interior, conserv\u00e1ndose \u00fanicamente la fachada (Pr\u00edncipe de Viana inst\u00f3 a preservarla). El proyecto, por desavenencias entre los promotores y problemas econ\u00f3micos, se evapor\u00f3, y hasta la empresa del andamiaje asegura no haber cobrado.<\/p>\n<p style=\"text-align: justify;\">Con dos calles sin fecha de reapertura, ya a principios de 2011 el consistorio previ\u00f3 iniciar un proceso expropiatorio. Ese a\u00f1o, tras las elecciones y con el nuevo ayuntamiento, se intent\u00f3 comprar el edificio por 178.000 euros, pero no se pudo afrontar el gasto, as\u00ed que mediante dos resoluciones de alcald\u00eda se requiri\u00f3 el traslado del andamiaje al interior. Al no recibirse respuesta, y tampoco a la propuesta de compra del solar por 1 euro, el consistorio actu\u00f3.<\/p>\n<p style=\"text-align: right;\"><em>Komunikabidea: <a href=\"http:\/\/www.diariodenavarra.es\/noticias\/navarra\/zona_norte_oriental\/2013\/08\/10\/aoiz_reabre_dos_calles_cerradas_por_andamios_desde_2007_126611_1010.html\">Diario de Navarra<\/a><\/em><\/p>\n","protected":false},"excerpt":{"rendered":"<p>Con alivio y alegr\u00eda. As\u00ed han recibido los vecinos de Aoiz, principalmente en el casco antiguo, la apertura de dos tramos de la calle Trinquete&#46;&#46;&#46;<\/p>\n","protected":false},"author":2021,"featured_media":2758,"comment_status":"open","ping_status":"closed","sticky":false,"template":"","format":"standard","meta":{"footnotes":""},"categories":[20],"tags":[],"class_list":["post-2757","post","type-post","status-publish","format-standard","has-post-thumbnail","hentry","category-hirigintza"],"_links":{"self":[{"href":"https:\/\/tutoberri.info\/index.php?rest_route=\/wp\/v2\/posts\/2757","targetHints":{"allow":["GET"]}}],"collection":[{"href":"https:\/\/tutoberri.info\/index.php?rest_route=\/wp\/v2\/posts"}],"about":[{"href":"https:\/\/tutoberri.info\/index.php?rest_route=\/wp\/v2\/types\/post"}],"author":[{"embeddable":true,"href":"https:\/\/tutoberri.info\/index.php?rest_route=\/wp\/v2\/users\/2021"}],"replies":[{"embeddable":true,"href":"https:\/\/tutoberri.info\/index.php?rest_route=%2Fwp%2Fv2%2Fcomments&post=2757"}],"version-history":[{"count":3,"href":"https:\/\/tutoberri.info\/index.php?rest_route=\/wp\/v2\/posts\/2757\/revisions"}],"predecessor-version":[{"id":5038,"href":"https:\/\/tutoberri.info\/index.php?rest_route=\/wp\/v2\/posts\/2757\/revisions\/5038"}],"wp:featuredmedia":[{"embeddable":true,"href":"https:\/\/tutoberri.info\/index.php?rest_route=\/wp\/v2\/media\/2758"}],"wp:attachment":[{"href":"https:\/\/tutoberri.info\/index.php?rest_route=%2Fwp%2Fv2%2Fmedia&parent=2757"}],"wp:term":[{"taxonomy":"category","embeddable":true,"href":"https:\/\/tutoberri.info\/index.php?rest_route=%2Fwp%2Fv2%2Fcategories&post=2757"},{"taxonomy":"post_tag","embeddable":true,"href":"https:\/\/tutoberri.info\/index.php?rest_route=%2Fwp%2Fv2%2Ftags&post=2757"}],"curies":[{"name":"wp","href":"https:\/\/api.w.org\/{rel}","templated":true}]}}