{"id":27097,"date":"2023-12-02T01:26:00","date_gmt":"2023-12-02T00:26:00","guid":{"rendered":"https:\/\/tutoberri.info\/?p=27097"},"modified":"2024-06-01T10:03:21","modified_gmt":"2024-06-01T08:03:21","slug":"las-asociaciones-y-su-existencia-confirmada-en-la-villa-de-aoiz-a-principios-del-siglo-xx-parte-iii","status":"publish","type":"post","link":"https:\/\/tutoberri.info\/?p=27097","title":{"rendered":"Las asociaciones y su existencia confirmada en la villa de Aoiz a principios del siglo XX (Parte III)"},"content":{"rendered":"<p class=\"has-drop-cap\" style=\"text-align: justify;\">La historia contempor\u00e1nea de Navarra se encuentra en la actualidad muy poco estudiada, si bien es verdad que se ve un futuro esperanzador, pues son varios los historiadores que en los \u00faltimos a\u00f1os est\u00e1n haciendo un extraordinario esfuerzo para rellenar paulatinamente esa gran laguna de nuestra historia local. Es importante para el conocimiento de esta \u00e9poca, estudiar las elecciones a Cortes Constituyentes del a\u00f1o 1931 en Navarra. La importancia hist\u00f3rica de estas elecciones se debe a que crearon las condiciones pol\u00edticas para la aprobaci\u00f3n de una Constituci\u00f3n y de una serie de medidas reformistas que adquirieron determinadas caracter\u00edsticas en funci\u00f3n del espectro de la c\u00e1mara entonces elegida. Tambi\u00e9n desde el punto de vista electoral tuvieron una gran trascendencia pues sirvieron de tr\u00e1nsito entre unas consultas caracterizadas por la desmovilizaci\u00f3n pol\u00edtica de la masa de ciudadanos y la presencia de manejos caciquiles; a otras caracterizadas por la movilizaci\u00f3n y el despertar de las masas a la vida pol\u00edtica, inici\u00e1ndose as\u00ed un proceso de socializaci\u00f3n institucional, fen\u00f3meno que caracteriz\u00f3 la vida pol\u00edtica espa\u00f1ola de los a\u00f1os treinta.<\/p>\n<div id=\"attachment_27098\" style=\"width: 310px\" class=\"wp-caption alignright\"><a href=\"https:\/\/tutoberri.info\/wp-content\/uploads\/2023\/11\/JosetxoNoviembre20231.jpg\"><img loading=\"lazy\" decoding=\"async\" aria-describedby=\"caption-attachment-27098\" class=\"size-medium wp-image-27098\" style=\"visibility: visible;\" src=\"https:\/\/tutoberri.info\/wp-content\/uploads\/2023\/11\/JosetxoNoviembre20231-300x156.jpg\" alt=\"\" width=\"300\" height=\"156\" data-nsfw-filter-status=\"sfw\" srcset=\"https:\/\/tutoberri.info\/wp-content\/uploads\/2023\/11\/JosetxoNoviembre20231-300x156.jpg 300w, https:\/\/tutoberri.info\/wp-content\/uploads\/2023\/11\/JosetxoNoviembre20231.jpg 311w\" sizes=\"auto, (max-width: 300px) 100vw, 300px\" \/><\/a><p id=\"caption-attachment-27098\" class=\"wp-caption-text\">Representaci\u00f3n de la Ense\u00f1a y bandera de la Acci\u00f3n Republicana de Espa\u00f1a<\/p><\/div>\n<p style=\"text-align: justify;\">Navarra en el a\u00f1o 1931 continuaba siendo una provincia eminentemente rural y la caracterizaba una diversidad agraria: en la zona monta\u00f1osa predominaba la peque\u00f1a propiedad indivisible, junto a una gran riqueza de terrenos comunales, bosques y pastos; en la Navarra media, se daba la peque\u00f1a y mediana propiedad, y en la ribera hab\u00eda un porcentaje importante de grandes propietarios y un n\u00famero considerable de braceros sin propiedad. El sector secundario mostraba debilidad, la producci\u00f3n industrial continuaba orientada a la obtenci\u00f3n de bienes de consumo sobre todo alimentos; hab\u00eda pocas industrias b\u00e1sicas, apenas exist\u00edan las de bienes duraderos y carec\u00edan de bienes de equipo las industrias navarras, salvo escasas excepciones, ni eran de \u00e1mbito nacional, ni tampoco hab\u00edan provocado grandes concentraciones obreras.<\/p>\n<p style=\"text-align: justify;\">La vida comercial se caracterizaba por el localismo y el intercambio comercial con otras regiones y pa\u00edses, por lo que ten\u00eda poca importancia. A pesar de ello (<em>y con las debidas precauciones por falta de estudios al respecto<\/em>), se puede afirmar que el nivel de vida de Navarra, dentro del subdesarrollo general que caracterizaba a la mayor parte de las regiones espa\u00f1olas, era relativamente m\u00e1s alto y se viv\u00eda mejor que en muchas de ellas. Su principal problema lo constitu\u00edan los jornaleros sin tierra y los obreros en paro, problema a\u00fan m\u00e1s grave por cuanto faltaba el seguro contra los mismos.<\/p>\n<p style=\"text-align: justify;\">En Navarra el clero era abundante. El n\u00famero de sacerdotes y cl\u00e9rigos relacionados con el n\u00famero de habitantes de la Di\u00f3cesis estaba muy por encima de la media nacional, hecho que influ\u00eda en la religiosidad de la sociedad. Efectivamente la sociedad navarra era muy religiosa: las vocaciones eran abundantes; por tanto, el precepto de asistencia a misa como el precepto pascual era cumplido por la mayor\u00eda de los fieles, la comuni\u00f3n frecuente estaba arraigada y eran sol\u00edcitos en pedir la administraci\u00f3n de los sacramentos. Sin embargo, en algunas parroquias meridionales y en grupos de obreros de Pamplona, la pr\u00e1ctica religiosa era menos intensa.<\/p>\n<p style=\"text-align: justify;\">En cuanto a la situaci\u00f3n cultural nuestra provincia en el a\u00f1o 1930, se encontraba entre las regiones espa\u00f1olas con m\u00e1s baja tasa de analfabetismo; aunque esta tasa encubr\u00eda importantes diferencias entre el nivel de instrucci\u00f3n de las distintas zonas de Navarra; mientras el porcentaje de analfabetismo en el Norte era peque\u00f1o, en la ribera tudelana este porcentaje se elevaba aproximadamente a la mitad de la poblaci\u00f3n. La instrucci\u00f3n primaria era precaria, un sector importante de la poblaci\u00f3n estaba sin escolarizar. Los problemas principales derivaban de la falta de aulas, del hacinamiento y falta de condiciones higi\u00e9nicas de muchas de ellas y en muchos lugares de la falta de asistencia de los escolares. As\u00ed que Navarra tambi\u00e9n desde el punto de vista cultural continuaba siendo una provincia rural.<\/p>\n<div id=\"attachment_27099\" style=\"width: 310px\" class=\"wp-caption alignright\"><a href=\"https:\/\/tutoberri.info\/wp-content\/uploads\/2023\/11\/JosetxoNoviembre20232.jpg\"><img loading=\"lazy\" decoding=\"async\" aria-describedby=\"caption-attachment-27099\" class=\"size-medium wp-image-27099\" style=\"visibility: visible;\" src=\"https:\/\/tutoberri.info\/wp-content\/uploads\/2023\/11\/JosetxoNoviembre20232-300x240.jpg\" alt=\"\" width=\"300\" height=\"240\" data-nsfw-filter-status=\"sfw\" srcset=\"https:\/\/tutoberri.info\/wp-content\/uploads\/2023\/11\/JosetxoNoviembre20232-300x240.jpg 300w, https:\/\/tutoberri.info\/wp-content\/uploads\/2023\/11\/JosetxoNoviembre20232.jpg 749w\" sizes=\"auto, (max-width: 300px) 100vw, 300px\" \/><\/a><p id=\"caption-attachment-27099\" class=\"wp-caption-text\">Presentaci\u00f3n del proyecto del reglamento de acuerdo con la ley de Asociaciones<\/p><\/div>\n<p style=\"text-align: justify;\">En cuanto a la situaci\u00f3n pol\u00edtica de la provincia y del mismo modo que ocurr\u00eda en la naci\u00f3n tras las elecciones municipales del 12 de abril de 1931, en Navarra fue proclamada la II Rep\u00fablica. A partir de aqu\u00ed el control pol\u00edtico de la provincia pas\u00f3 a manos de los republicanos y socialistas. El nuevo gobernador civil fue republicano; la segunda vuelta de las elecciones municipales celebrada el 31 de mayo, llev\u00f3 una mayor\u00eda republicana-socialista a varios ayuntamientos navarros, y entre ellos al de Pamplona: y la Diputaci\u00f3n fue sustituida por una comisi\u00f3n gestora integrada por republicanos y socialistas. As\u00ed pues, los resortes principales del poder quedaban en manos de los que hab\u00edan propiciado el cambio de r\u00e9gimen; sin embargo, una buena parte de la opini\u00f3n p\u00fablica navarra no hab\u00eda asimilado el naciente r\u00e9gimen. En este momento y durante la primavera del a\u00f1o 1931 dos temas van acaparar la pol\u00edtica navarra: la cuesti\u00f3n religiosa y el Estatuto de Autonom\u00eda, temas que ser\u00e1n centrales en la campa\u00f1a electoral.<\/p>\n<p style=\"text-align: justify;\">Con relaci\u00f3n a los partidos pol\u00edticos y para completar el marco pol\u00edtico de la sociedad navarra, en la primavera del a\u00f1o 1931, se observa una gran floraci\u00f3n de partidos y centros republicanos, socialista y republicanos socialistas, principalmente en la Ribera de Navarra, y en los n\u00facleos industriales de la geograf\u00eda navarra. Una tradici\u00f3n izquierdista de la zona, una implantaci\u00f3n industrial importante unido a la problem\u00e1tica existente en el campo puede contribuir a explicar esta localizaci\u00f3n. Vamos a considerar a continuaci\u00f3n estos planteamientos dentro de la situaci\u00f3n pol\u00edtica e industrial de la villa de Aoiz.<\/p>\n<p style=\"text-align: justify;\">En un espacio ideol\u00f3gico diferente, el 23 de marzo del a\u00f1o 1931, se hab\u00eda creada en Aoiz el Centro Republicano, una asociaci\u00f3n pol\u00edtica organizada por Vicente Oli Oroz, Juan Aristu y Joaquin Eugui, su primer presidente. En un documento dirigido al Sr. Gobernador civil de Navarra se expone: De conformidad con lo que dispone la vigente ley de Asociaciones se le remite a V. E., una copia duplicada del proyecto de Reglamento por el que se ha de regir la <em>Agrupaci\u00f3n Republicana<\/em> de esta villa.<\/p>\n<div id=\"attachment_27104\" style=\"width: 310px\" class=\"wp-caption alignright\"><a href=\"https:\/\/tutoberri.info\/wp-content\/uploads\/2023\/11\/JosetxoNoviembre20233.jpg\"><img loading=\"lazy\" decoding=\"async\" aria-describedby=\"caption-attachment-27104\" class=\"size-medium wp-image-27104\" style=\"visibility: visible;\" src=\"https:\/\/tutoberri.info\/wp-content\/uploads\/2023\/11\/JosetxoNoviembre20233-300x191.jpg\" alt=\"\" width=\"300\" height=\"191\" data-nsfw-filter-status=\"sfw\" srcset=\"https:\/\/tutoberri.info\/wp-content\/uploads\/2023\/11\/JosetxoNoviembre20233-300x191.jpg 300w, https:\/\/tutoberri.info\/wp-content\/uploads\/2023\/11\/JosetxoNoviembre20233-768x488.jpg 768w, https:\/\/tutoberri.info\/wp-content\/uploads\/2023\/11\/JosetxoNoviembre20233.jpg 943w\" sizes=\"auto, (max-width: 300px) 100vw, 300px\" \/><\/a><p id=\"caption-attachment-27104\" class=\"wp-caption-text\">Dentro del Cap\u00edtulo 1\u00ba Art\u00edculos del Reglamento del Centro Republicano<\/p><\/div>\n<p style=\"text-align: justify;\">Al mismo tiempo suplicamos a V. E. se digne autorizar el citado proyecto de Reglamento, disponiendo al defecto; y nos sea devuelta una de las copias con su firma y el sello de ese Gobierno Civil, a los efectos de las disposiciones vigentes en la materia. Gracia que espera alcanzar de V. E. cuya vida se conserve muchos a\u00f1os. Aoiz 23 de marzo de 1931. Excelent\u00edsimo Se\u00f1or. Firman el documento Vicente Oli y Juan Aristu. Dirigido al Exmo Sr. Gobernador Civil de Navarra.<\/p>\n<p style=\"text-align: justify;\">Estudiamos a continuaci\u00f3n dicho Reglamento que se compone de cinco cap\u00edtulos ampliamente desarrollados en un total de veinticinco art\u00edculos que determinan todos los conceptos del funcionamiento del mismo. Con el fin de conocer las exigencias del funcionamiento de este <em>Centro Republicano<\/em>, expondremos de forma resumida lo fundamental de este articulado. En el Cap\u00edtulo 1\u00ba. Se expone la finalidad, los recursos y su domicilio. Especifica que se realiza la creaci\u00f3n en la villa de Aoiz de una asociaci\u00f3n pol\u00edtica cultural con la denominaci\u00f3n de <em>Centro Republicano<\/em> de Aoiz. La finalidad que se persigue, es fomentar el desarrollo de la idea republicana, y procurar toda la cultura posible para sus socios. Para conseguir estos fines, se procurar\u00e1 tener a disposici\u00f3n de los socios libros, revistas, peri\u00f3dicos, y organizar conferencias pol\u00edticas, sociales y exclusivamente culturales. Los recursos de esta sociedad, ser\u00e1n las cuotas mensuales que pagar\u00e1n los socios y los donativos que se hagan. El domicilio social estar\u00e1 situado en la planta baja de la calle Mediod\u00eda n\u00famero 22 bis.<\/p>\n<p style=\"text-align: justify;\">En el Cap\u00edtulo 2\u00ba Relativo a los socios. Podr\u00e1n pertenecer a esta sociedad todos los vecinos de Aoiz y L\u00f3nguida que deseen y est\u00e9n dispuestos a cumplir las obligaciones; y una vez constituida la asociaci\u00f3n los que son admitidos por la Junta Directiva. A continuaci\u00f3n, se se\u00f1alan las obligaciones que se contraen al ingresar en esta asociaci\u00f3n. Entre otras se refieren al pago de cuotas, asistir en lo posible al domicilio social, aceptar los cargos que le confiere la asociaci\u00f3n, y observar dentro de todos los lugares p\u00fablicos una buena conducta<\/p>\n<p style=\"text-align: justify;\">En el Cap\u00edtulo 3\u00ba Es todo lo que se refiere a la Junta Directiva. Este centro estar\u00e1 gobernado por seis socios. La primera Junta Directiva, se nombrar\u00e1 al constituirse la sociedad y la renovaci\u00f3n de ella, se har\u00e1 en Juntas Generales ordinarias los a\u00f1os impares. Una vez designados los Sres. Socios que han de dirigir este centro, ellos se distribuir\u00e1n los cargos de presidente, secretario y tesorero y los sustitutos. La Junta Directiva se reunir\u00e1 por lo menos una vez al mes y se anotaran los acuerdos que puedan ser p\u00fablicos. Tambi\u00e9n tendr\u00e1 facultades para disponer de los fondos sociales y tomar cuantos acuerdos crea conveniente, adem\u00e1s tiene facultad la Junta Directiva para la expulsi\u00f3n de cualquier socio por faltar a las obligaciones que impone este reglamento. Por otra parte, la Junta Directiva carecer\u00e1 de facultades para asuntos electorales, que ser\u00e1n de la Junta General.<\/p>\n<div id=\"attachment_27105\" style=\"width: 310px\" class=\"wp-caption alignright\"><a href=\"https:\/\/tutoberri.info\/wp-content\/uploads\/2023\/11\/JosetxoNoviembre20234.jpg\"><img loading=\"lazy\" decoding=\"async\" aria-describedby=\"caption-attachment-27105\" class=\"size-medium wp-image-27105\" style=\"visibility: visible;\" src=\"https:\/\/tutoberri.info\/wp-content\/uploads\/2023\/11\/JosetxoNoviembre20234-300x192.jpg\" alt=\"\" width=\"300\" height=\"192\" data-nsfw-filter-status=\"sfw\" srcset=\"https:\/\/tutoberri.info\/wp-content\/uploads\/2023\/11\/JosetxoNoviembre20234-300x192.jpg 300w, https:\/\/tutoberri.info\/wp-content\/uploads\/2023\/11\/JosetxoNoviembre20234-768x490.jpg 768w, https:\/\/tutoberri.info\/wp-content\/uploads\/2023\/11\/JosetxoNoviembre20234.jpg 938w\" sizes=\"auto, (max-width: 300px) 100vw, 300px\" \/><\/a><p id=\"caption-attachment-27105\" class=\"wp-caption-text\">Petici\u00f3n al Sr. Gobernador Civil de Navarra para que apruebe el Consejo local de Acci\u00f3n Republicana<\/p><\/div>\n<p style=\"text-align: justify;\">En el Cap\u00edtulo 4\u00ba En esta parte del Reglamento se especifica lo relativo al funcionamiento de la Junta General, indicando su celebraci\u00f3n anual en un d\u00eda festivo del mes de enero, convoc\u00e1ndola ocho d\u00edas antes por lo menos, en el tabl\u00f3n de anuncios y los peri\u00f3dicos antimon\u00e1rquicos de Pamplona. La misma, la presidir\u00e1 la Junta Directiva y actuar\u00e1 como secretario, el mismo de ella. Hay otras conclusiones que completan las funciones del Reglamento sobre Juntas Generales.<\/p>\n<p style=\"text-align: justify;\">En el Cap\u00edtulo 5\u00ba. Se refiere a la disoluci\u00f3n de la Sociedad. Primeramente, se dice que para disolver este operativo ser\u00e1 necesario se acuerde en Junta general extraordinaria en la cual est\u00e9n representadas las tres cuartas partes de los asistentes. Tambi\u00e9n que en caso de disoluci\u00f3n s\u00e9 pagaran todas las obligaciones, regalando el material que quede a las sociedades obreras, repartiendo el dinero entre los pobres de Aoiz.<\/p>\n<p style=\"text-align: justify;\">Este Reglamento est\u00e1 fechado en Aoiz el 24 de enero de 1931, y est\u00e1 firmado y avalado por comit\u00e9 organizador y lo firman Vicente Oli y Juan Aristu.<\/p>\n<p style=\"text-align: justify;\">Al final de este documento: <em>Presentado en auto, saliendo final el duplicado. Pamplona a los efectos del art\u00edculo 4\u00ba de la Ley de Asociaciones del 30 de marzo de 1931. Lo firma el gobernador (ilegible).<\/em><\/p>\n<div id=\"attachment_27106\" style=\"width: 310px\" class=\"wp-caption alignright\"><a href=\"https:\/\/tutoberri.info\/wp-content\/uploads\/2023\/11\/JosetxoNoviembre20235.jpg\"><img loading=\"lazy\" decoding=\"async\" aria-describedby=\"caption-attachment-27106\" class=\"size-medium wp-image-27106\" style=\"visibility: visible;\" src=\"https:\/\/tutoberri.info\/wp-content\/uploads\/2023\/11\/JosetxoNoviembre20235-300x155.jpg\" alt=\"\" width=\"300\" height=\"155\" data-nsfw-filter-status=\"sfw\" srcset=\"https:\/\/tutoberri.info\/wp-content\/uploads\/2023\/11\/JosetxoNoviembre20235-300x155.jpg 300w, https:\/\/tutoberri.info\/wp-content\/uploads\/2023\/11\/JosetxoNoviembre20235-1024x530.jpg 1024w, https:\/\/tutoberri.info\/wp-content\/uploads\/2023\/11\/JosetxoNoviembre20235-768x398.jpg 768w, https:\/\/tutoberri.info\/wp-content\/uploads\/2023\/11\/JosetxoNoviembre20235.jpg 1157w\" sizes=\"auto, (max-width: 300px) 100vw, 300px\" \/><\/a><p id=\"caption-attachment-27106\" class=\"wp-caption-text\">Capitulo 1\u00ba. Loa art\u00edculos del Reglamento de Acci\u00f3n Republicana de la villa de Aoiz<\/p><\/div>\n<p style=\"text-align: justify;\">A los efectos de c\u00f3mo es la situaci\u00f3n de esta Asociaci\u00f3n, se dirige este documento al Excelent\u00edsimo Sr. Gobernador Civil de la provincia. Pamplona: Vicente Gil Oroz. Secretario del <em>Centro Republicano<\/em> de Aoiz. Certifico: Que, en el libro de actas de esta asociaci\u00f3n, y en la correspondiente al d\u00eda 3 de abril existe el acuerdo, que adjunto se la remito la copia. Lo que comunico a V. E. para su conocimiento. Dios guarde a V. E. muchos a\u00f1os. Aoiz 3 de abril de 1931. Firmas del presidente Joaquin Eugui y el secretario Vicente Oli.<\/p>\n<p style=\"text-align: justify;\">En un \u00faltimo documento sobre el Centro Republicano se determina: El art\u00edculo 5\u00ba de la vigente Ley de Asociaciones, manifiesta de un modo claro y terminante que para que una Asociaci\u00f3n pueda constituirse, han de transcurrir ocho d\u00edas desde aquel en que, por el Gobierno Civil se haya puesto la nota de presentaci\u00f3n al Reglamento; y como la que se trata de fundarse en esa localidad, y con el t\u00edtulo que se expresa, no ha dado cumplimiento a la citada disposici\u00f3n, su funcionamiento ser\u00e1 ilegal hasta que se re\u00fanan nuevamente y procedan a su constituci\u00f3n de Junta Directiva en la forma preceptuada, remitiendo a este Gobierno copia del acta de la sesi\u00f3n en que se verifique, para proceder a su inscripci\u00f3n en el Registro de Asociaciones. Pamplona 20 de junio de 1931.<\/p>\n<p style=\"text-align: justify;\">En este Centro Republicano de Aoiz, va a ser el lugar donde se asentar\u00e1 el consejo local de la Asociaci\u00f3n denominada, <em>Acci\u00f3n Republicana<\/em> de esta localidad. Disponemos de un conjunto de documentos sobre la implantaci\u00f3n de ella, en nuestra villa. En una notificaci\u00f3n dirigida al Gobernador de Navarra, se manifiesta, con el mayor respeto que D. Juli\u00e1n Oli Oroz, mayor de edad y vecino de la villa de Aoiz, que tiene el honor de presentar a V. E. con el mayor respeto, el Reglamento (<em>por duplicado<\/em>), con el que ha de regirse el consejo local de <em>Acci\u00f3n Republicana<\/em> de esta localidad, recientemente formado. El documento tiene fecha del 22 de enero de 1933. Esta firmado por Juli\u00e1n Oli.<\/p>\n<p style=\"text-align: justify;\">Este Reglamento se compone de cinco cap\u00edtulos, que a su vez contienen un total de veinti\u00fan art\u00edculos. El mismo es muy amplio y detallado y es similar al presentado en la constituci\u00f3n del <em>Centro Republicano<\/em> que hemos presentado y detallado con anterioridad, por lo que omitiremos su descripci\u00f3n. En otro documento posterior al citado Reglamento, aparece la convocatoria a una primera reuni\u00f3n de esta Asociaci\u00f3n <em>Acci\u00f3n Republicana<\/em>, en donde su secretario nombrado al efecto, se\u00f1ala el nombramiento de los cargos que regir\u00e1n este ente pol\u00edtico que se nombran: presidente Deogracias Atanes, secretario Silvano Carlos, Tesorero Dami\u00e1n Huarte, vocales Juli\u00e1n Oli, Gregorio Beaumont y Florencio Imizcoz. Es de fecha 24 de enero de 1933. Lo firma el presidente Deogracias Atanes y el secretario Silvano Carlos. Se presento por duplicado en el Gobierno Civil a los efectos del art\u00edculo 4\u00ba de la Ley de Asociaciones de 30 de junio de 1887. El domicilio social de esta Asociaci\u00f3n denominada <em>Acci\u00f3n Republicana<\/em>, estar\u00eda instalado en la planta baja de la calle Mediod\u00eda numero 22 bis.<\/p>\n<div id=\"attachment_27107\" style=\"width: 310px\" class=\"wp-caption alignright\"><a href=\"https:\/\/tutoberri.info\/wp-content\/uploads\/2023\/11\/JosetxoNoviembre20236.jpg\"><img loading=\"lazy\" decoding=\"async\" aria-describedby=\"caption-attachment-27107\" class=\"size-medium wp-image-27107\" style=\"visibility: visible;\" src=\"https:\/\/tutoberri.info\/wp-content\/uploads\/2023\/11\/JosetxoNoviembre20236-300x170.jpg\" alt=\"\" width=\"300\" height=\"170\" data-nsfw-filter-status=\"sfw\" srcset=\"https:\/\/tutoberri.info\/wp-content\/uploads\/2023\/11\/JosetxoNoviembre20236-300x170.jpg 300w, https:\/\/tutoberri.info\/wp-content\/uploads\/2023\/11\/JosetxoNoviembre20236-1024x581.jpg 1024w, https:\/\/tutoberri.info\/wp-content\/uploads\/2023\/11\/JosetxoNoviembre20236-768x436.jpg 768w, https:\/\/tutoberri.info\/wp-content\/uploads\/2023\/11\/JosetxoNoviembre20236.jpg 1056w\" sizes=\"auto, (max-width: 300px) 100vw, 300px\" \/><\/a><p id=\"caption-attachment-27107\" class=\"wp-caption-text\">Presentaci\u00f3n de la junta de Acci\u00f3n Republicana de la villa de Aoiz<\/p><\/div>\n<p style=\"text-align: justify;\">Despu\u00e9s del descalabro que los partidos republicanos de izquierda hab\u00edan cosechado en las elecciones del a\u00f1o 1933, a las que hab\u00edan concurrido en solitario, el 3 de abril del a\u00f1o 1934 se constituy\u00f3 <em>Izquierda Republicana<\/em>, como resultado de la fusi\u00f3n de varios partidos entre otros como <em>Acci\u00f3n Republicana<\/em>, y se crear\u00e1 el <em>Partido Nacional de Izquierda Republicana<\/em> en la villa de Aoiz. En un pr\u00f3ximo trabajo trataremos de historiar el desarrollo del citado partido muy importante en el desarrollo de la vida de nuestra villa de Aoiz.<\/p>\n<p style=\"text-align: right;\"><em>Josetxo Paternain Nagore de la Asociaci\u00f3n cultural HIDEA de la villa de Aoiz<\/em><\/p>\n","protected":false},"excerpt":{"rendered":"<p>La historia contempor\u00e1nea de Navarra se encuentra en la actualidad muy poco estudiada, si bien es verdad que se ve un futuro esperanzador, pues son&#46;&#46;&#46;<\/p>\n","protected":false},"author":26,"featured_media":27099,"comment_status":"closed","ping_status":"closed","sticky":false,"template":"","format":"standard","meta":{"footnotes":""},"categories":[27],"tags":[],"class_list":["post-27097","post","type-post","status-publish","format-standard","has-post-thumbnail","hentry","category-historia"],"_links":{"self":[{"href":"https:\/\/tutoberri.info\/index.php?rest_route=\/wp\/v2\/posts\/27097","targetHints":{"allow":["GET"]}}],"collection":[{"href":"https:\/\/tutoberri.info\/index.php?rest_route=\/wp\/v2\/posts"}],"about":[{"href":"https:\/\/tutoberri.info\/index.php?rest_route=\/wp\/v2\/types\/post"}],"author":[{"embeddable":true,"href":"https:\/\/tutoberri.info\/index.php?rest_route=\/wp\/v2\/users\/26"}],"replies":[{"embeddable":true,"href":"https:\/\/tutoberri.info\/index.php?rest_route=%2Fwp%2Fv2%2Fcomments&post=27097"}],"version-history":[{"count":2,"href":"https:\/\/tutoberri.info\/index.php?rest_route=\/wp\/v2\/posts\/27097\/revisions"}],"predecessor-version":[{"id":28503,"href":"https:\/\/tutoberri.info\/index.php?rest_route=\/wp\/v2\/posts\/27097\/revisions\/28503"}],"wp:featuredmedia":[{"embeddable":true,"href":"https:\/\/tutoberri.info\/index.php?rest_route=\/wp\/v2\/media\/27099"}],"wp:attachment":[{"href":"https:\/\/tutoberri.info\/index.php?rest_route=%2Fwp%2Fv2%2Fmedia&parent=27097"}],"wp:term":[{"taxonomy":"category","embeddable":true,"href":"https:\/\/tutoberri.info\/index.php?rest_route=%2Fwp%2Fv2%2Fcategories&post=27097"},{"taxonomy":"post_tag","embeddable":true,"href":"https:\/\/tutoberri.info\/index.php?rest_route=%2Fwp%2Fv2%2Ftags&post=27097"}],"curies":[{"name":"wp","href":"https:\/\/api.w.org\/{rel}","templated":true}]}}