{"id":26291,"date":"2023-09-16T01:40:00","date_gmt":"2023-09-15T23:40:00","guid":{"rendered":"http:\/\/tutoberri.info\/?p=26291"},"modified":"2023-09-15T12:46:45","modified_gmt":"2023-09-15T10:46:45","slug":"veinte-anos-de-artozki-el-ultimo-bastion-de-la-lucha-contra-el-polemico-embalse-de-itoiz","status":"publish","type":"post","link":"https:\/\/tutoberri.info\/?p=26291","title":{"rendered":"Veinte a\u00f1os de Artozki: el \u00faltimo basti\u00f3n de la lucha contra el pol\u00e9mico embalse de Itoiz"},"content":{"rendered":"<p style=\"text-align: justify;\">Todo eso recuerda Dani Unziti Belzunegui (Aoiz, 1970), hist\u00f3rico de los Solidarios con Itoiz que en septiembre de 2003 vivi\u00f3 muy de cerca los \u00faltimos coletazos de rebeld\u00eda en Artozki, el pueblo que \u201cpor momentos fue una utop\u00eda\u201d.<\/p>\n<p style=\"text-align: justify;\">El desalojo de Itoiz, su pueblo, donde vivi\u00f3 desde los 18 hasta los 33 a\u00f1os, fue \u201cun horror\u201d. Artozki tuvo otro cariz. Fue \u201cuna resistencia m\u00e1s p\u00fablica\u201d, tuvo m\u00e1s af\u00e1n de proyectarse hacia el exterior y recibi\u00f3 una oleada de solidaridad enorme. Se centr\u00f3 m\u00e1s en despedirse del pueblo y se hicieron actos, comidas y fiestas durante todo el verano y hasta el desalojo definitivo. Pero en ambos casos el objetivo era \u201cdefender nuestras casas y nuestros pueblos con dignidad\u201d.<\/p>\n<p style=\"text-align: justify;\"><em>Para seguir leyendo la noticia original, <a href=\"https:\/\/www.noticiasdenavarra.com\/politica\/2023\/09\/15\/artozki-ultimo-bastion-embalse-itoiz-7261142.html\" target=\"_blank\" rel=\"noopener noreferrer\">clicar aqu\u00ed<\/a>.<\/em><\/p>\n","protected":false},"excerpt":{"rendered":"<p>Todo eso recuerda Dani Unziti Belzunegui (Aoiz, 1970), hist\u00f3rico de los Solidarios con Itoiz que en septiembre de 2003 vivi\u00f3 muy de cerca los \u00faltimos&#46;&#46;&#46;<\/p>\n","protected":false},"author":2020,"featured_media":26292,"comment_status":"closed","ping_status":"closed","sticky":false,"template":"","format":"standard","meta":{"footnotes":""},"categories":[43],"tags":[],"class_list":["post-26291","post","type-post","status-publish","format-standard","has-post-thumbnail","hentry","category-mendia-natura"],"_links":{"self":[{"href":"https:\/\/tutoberri.info\/index.php?rest_route=\/wp\/v2\/posts\/26291","targetHints":{"allow":["GET"]}}],"collection":[{"href":"https:\/\/tutoberri.info\/index.php?rest_route=\/wp\/v2\/posts"}],"about":[{"href":"https:\/\/tutoberri.info\/index.php?rest_route=\/wp\/v2\/types\/post"}],"author":[{"embeddable":true,"href":"https:\/\/tutoberri.info\/index.php?rest_route=\/wp\/v2\/users\/2020"}],"replies":[{"embeddable":true,"href":"https:\/\/tutoberri.info\/index.php?rest_route=%2Fwp%2Fv2%2Fcomments&post=26291"}],"version-history":[{"count":1,"href":"https:\/\/tutoberri.info\/index.php?rest_route=\/wp\/v2\/posts\/26291\/revisions"}],"predecessor-version":[{"id":26293,"href":"https:\/\/tutoberri.info\/index.php?rest_route=\/wp\/v2\/posts\/26291\/revisions\/26293"}],"wp:featuredmedia":[{"embeddable":true,"href":"https:\/\/tutoberri.info\/index.php?rest_route=\/wp\/v2\/media\/26292"}],"wp:attachment":[{"href":"https:\/\/tutoberri.info\/index.php?rest_route=%2Fwp%2Fv2%2Fmedia&parent=26291"}],"wp:term":[{"taxonomy":"category","embeddable":true,"href":"https:\/\/tutoberri.info\/index.php?rest_route=%2Fwp%2Fv2%2Fcategories&post=26291"},{"taxonomy":"post_tag","embeddable":true,"href":"https:\/\/tutoberri.info\/index.php?rest_route=%2Fwp%2Fv2%2Ftags&post=26291"}],"curies":[{"name":"wp","href":"https:\/\/api.w.org\/{rel}","templated":true}]}}