{"id":25826,"date":"2023-07-01T01:10:00","date_gmt":"2023-06-30T23:10:00","guid":{"rendered":"http:\/\/tutoberri.info\/?p=25826"},"modified":"2024-06-01T10:02:44","modified_gmt":"2024-06-01T08:02:44","slug":"las-asociaciones-y-su-existencia-confirmada-en-la-villa-de-aoiz-a-principios-del-siglo-xx-parte-i","status":"publish","type":"post","link":"https:\/\/tutoberri.info\/?p=25826","title":{"rendered":"Las asociaciones y su existencia confirmada en la villa de Aoiz a principios del siglo XX (Parte I)"},"content":{"rendered":"<p class=\"has-drop-cap\" style=\"text-align: justify;\">Despu\u00e9s de haber obtenido una amplia informaci\u00f3n en documentos del Archivo General de Navarra sobre la implantaci\u00f3n en nuestra villa de Aoiz de una serie diversa de Asociaciones, nos proponemos desarrollar un conjunto de trabajos sobre esta tem\u00e1tica.<\/p>\n<p style=\"text-align: justify;\">En primer lugar, las asociaciones pueden definirse como agrupaciones de personas constituidas para realizar una actividad colectiva de una forma estable, organizada democr\u00e1ticamente sin \u00e1nimo de lucro e independientes al menos formalmente del Estado, de los partidos pol\u00edticos y las empresas, con el fin de conseguir unas finalidades licitas, comunes al inter\u00e9s general o particular, y que se dotan de estatutos, que rigen su funcionamiento.<\/p>\n<p style=\"text-align: justify;\">En este caso nos ce\u00f1iremos al estudio de estas entidades en la villa de Aoiz a finales del siglo XIX y su continuidad en el siglo XX. Para centrar la investigaci\u00f3n de este trabajo, vamos a considerar la situaci\u00f3n general de la pol\u00edtica y econom\u00eda en Espa\u00f1a, su repercusi\u00f3n en Navarra y por supuesto en la villa de Aoiz.<\/p>\n<div id=\"attachment_25827\" style=\"width: 310px\" class=\"wp-caption alignright\"><a href=\"https:\/\/tutoberri.info\/wp-content\/uploads\/2023\/06\/AsociacionesJosetxo20231.png\"><img loading=\"lazy\" decoding=\"async\" aria-describedby=\"caption-attachment-25827\" class=\"size-medium wp-image-25827\" src=\"https:\/\/tutoberri.info\/wp-content\/uploads\/2023\/06\/AsociacionesJosetxo20231-300x202.png\" alt=\"\" width=\"300\" height=\"202\" srcset=\"https:\/\/tutoberri.info\/wp-content\/uploads\/2023\/06\/AsociacionesJosetxo20231-300x202.png 300w, https:\/\/tutoberri.info\/wp-content\/uploads\/2023\/06\/AsociacionesJosetxo20231.png 720w\" sizes=\"auto, (max-width: 300px) 100vw, 300px\" \/><\/a><p id=\"caption-attachment-25827\" class=\"wp-caption-text\">La revoluci\u00f3n de 1868. Alegor\u00eda al fin del reinado de Isabel II<\/p><\/div>\n<p style=\"text-align: justify;\">Consideramos como punto de partida la Revoluci\u00f3n del a\u00f1o 1868, una insurrecci\u00f3n que pasar\u00e1 a la historia como la <em>Revoluci\u00f3n Gloriosa<\/em>, que destron\u00f3 a la reina espa\u00f1ola Isabel II. Los militares que lideraron la rebeli\u00f3n esgrim\u00edan razones pol\u00edticas y deseos de renovaci\u00f3n del Estado, pero en el fondo hab\u00eda una situaci\u00f3n econ\u00f3mica muy complicada, el riesgo de una revuelta popular y las ambiciones personales de sus protagonistas.<\/p>\n<p style=\"text-align: justify;\">La Revoluci\u00f3n de 1868 marc\u00f3 el apogeo del liberalismo decimon\u00f3nico, tendi\u00e9ndose en un primer momento a la libertad de asociaci\u00f3n, si bien no se hicieron esperar las medidas restrictivas a consecuencia del resultado de ese tipo de pol\u00edtica. As\u00ed toda la libertar de asociaci\u00f3n se proclama en la constituci\u00f3n siguiente de 1869, aunque con la posibilidad por parte del Estado de disolver aquellas entidades que atenten con su seguridad. La posterior constituci\u00f3n del a\u00f1o 1876 en su Art\u00edculo 13, recoge ampliamente el derecho de reunirse y asociarse para fines de la <em>vida humana<\/em>.<\/p>\n<p style=\"text-align: justify;\">El 30 de junio del a\u00f1o 1877 se promulg\u00f3 al fin la primera ley espa\u00f1ola general sobre la asociaci\u00f3n. Se suele considerar como consecuencia de los principios de la constituci\u00f3n de 1876. Esta ley de Asociaciones de 1887 era t\u00edpicamente liberal, que se ocupa en realidad de obligar a estas agrupaciones de personas que no tuvieran \u00e1nimo de lucro, a inscribirse en un registro p\u00fablico para someterlas a un <em>control policial<\/em> de modo que las asociaciones il\u00edcitas, (hay que suponer que lo que se consideraba il\u00edcito para una asociaci\u00f3n era mucho m\u00e1s amplio que hoy en d\u00eda) eran convenientemente disueltas y sus promotores o administradores, condenados. La misma no se ocupa de su r\u00e9gimen interno, ni de su r\u00e9gimen patrimonial, ni de sus \u00f3rganos, ni de su representaci\u00f3n. Se ocupa de excluir cierto tipo de asociaciones de su \u00e1mbito de aplicaci\u00f3n, (las sometidas al Concordato con la Iglesia, las sociedades civiles y mercantiles y las <em>instituciones<\/em> reguladas por leyes especiales).<\/p>\n<p style=\"text-align: justify;\">Sin embargo, hay reglas en la ley que nos indican que el legislador estaba pensando al menos en que las asociaciones tuvieren estructura corporativa, aunque no puede descartarse que tambi\u00e9n incluyera agrupaciones personalistas en su \u00e1mbito de aplicaci\u00f3n. En primer lugar, la referencia a los Estatutos, reglamentos, contratos o acuerdos, por los cuales haya de regirse, expresando claramente en ellos la denominaci\u00f3n y objeto de dicha asociaci\u00f3n, su domicilio, la forma de administraci\u00f3n o gobierno y otra serie de caracter\u00edsticas que deben tener las asociaciones. Una vez conocidos los principios generales de las asociaciones, vamos a considerar la existencia en Navarra y en particular en la villa de Aoiz de estas agrupaciones, su implantaci\u00f3n y funcionamiento.<\/p>\n<p style=\"text-align: justify;\">En primer lugar, hemos obtenido informaci\u00f3n documental de la aparici\u00f3n en nuestra villa en el a\u00f1o 1932, de la Asociaci\u00f3n Femenina <em>Emakume Abertzale Batza<\/em>. Revisando esta informaci\u00f3n, en un primer documento que se dirige al gobernador de la provincia de Navarra, se solicita por parte de Do\u00f1a Victoria Tapia Ros, natural de Isaba y de Do\u00f1a D\u00e1masa Machinandiarena Uriz, que lo es de esta villa de Aoiz, la petici\u00f3n de conceder la autorizaci\u00f3n para constituir legalmente a la referida Asociaci\u00f3n de la <em>Mujer Patriota<\/em> denominada <em>Emakune Abertzale Batza<\/em>. En esta solicitud como hemos indicado con anterioridad, se suplica a dicha autoridad que se digne tener presente los documentos que se aportan en esta petici\u00f3n, y que contiene los Reglamentos que en ella se relacionan, y que conceda la autorizaci\u00f3n para que pueda constituirse la referida Asociaci\u00f3n.<\/p>\n<p style=\"text-align: justify;\">Acompa\u00f1a a la solicitud de <em>Emakume Abertzale Batza<\/em> (Asociaci\u00f3n de la mujer patriota), el reglamento para su control y funcionamiento. Se compone de 10 cap\u00edtulos, cada uno de los cuales contiene una serie de art\u00edculos, un total de 46, que configura el programa de esta Asociaci\u00f3n. Se presentan al Gobierno Civil dos ejemplares, a los efectos que exige el art\u00edculo 4\u00ba de la Ley de Asociaciones de 30 de enero de 1887. Se presentan en Pamplona a 20 de enero de 1932.<\/p>\n<p style=\"text-align: justify;\">El gobernador firma y sella con el cu\u00f1o de dicho Gobierno civil de la provincia de Navarra la entrada de esta petici\u00f3n. Seg\u00fan referencias obtenidas, en estas fechas era su titular D. Ferm\u00edn Soloz\u00e1bal Narbaiza.<\/p>\n<div id=\"attachment_25828\" style=\"width: 223px\" class=\"wp-caption alignright\"><a href=\"https:\/\/tutoberri.info\/wp-content\/uploads\/2023\/06\/AsociacionesJosetxo20232-rotated.jpg\"><img loading=\"lazy\" decoding=\"async\" aria-describedby=\"caption-attachment-25828\" class=\"size-medium wp-image-25828\" src=\"https:\/\/tutoberri.info\/wp-content\/uploads\/2023\/06\/AsociacionesJosetxo20232-213x300.jpg\" alt=\"\" width=\"213\" height=\"300\" srcset=\"https:\/\/tutoberri.info\/wp-content\/uploads\/2023\/06\/AsociacionesJosetxo20232-213x300.jpg 213w, https:\/\/tutoberri.info\/wp-content\/uploads\/2023\/06\/AsociacionesJosetxo20232-729x1024.jpg 729w, https:\/\/tutoberri.info\/wp-content\/uploads\/2023\/06\/AsociacionesJosetxo20232-768x1079.jpg 768w, https:\/\/tutoberri.info\/wp-content\/uploads\/2023\/06\/AsociacionesJosetxo20232-rotated.jpg 987w\" sizes=\"auto, (max-width: 213px) 100vw, 213px\" \/><\/a><p id=\"caption-attachment-25828\" class=\"wp-caption-text\">Documento de solicitud presentado al Gobierno Civil, para la legalizaci\u00f3n de <em>Emakume Abertzale Batza<\/em> (Asociaci\u00f3n de la mujer patriota), de acuerdo con la ley de Asociaciones de 30 de junio de 1887<\/p><\/div>\n<p style=\"text-align: justify;\">Despu\u00e9s de este documento de solicitud de regulaci\u00f3n de esta Asociaci\u00f3n para darle car\u00e1cter legal, se le adjunta el reglamento que regir\u00e1 su funcionamiento. Como el mismo es bastante extenso y detallado como ya hemos se\u00f1alado con anterioridad, planteamos significar las partes m\u00e1s interesantes para el conocimiento de su contenido.<\/p>\n<p style=\"text-align: justify;\">Es fundamental el cap\u00edtulo primero en sus dos art\u00edculos en los que se especifica, el objeto y car\u00e1cter de este Organismo. El art\u00edculo 1\u00ba dice: su misi\u00f3n ser\u00e1, <em>la uni\u00f3n de todas las mujeres vascas, amantes de Jaungoikua eta Lagi-Zara, (Dios y la Ley vieja) para difundir por Euzkadi, vali\u00e9ndose de cuantos medios est\u00e9n a su alcance y en consonancia con su sexo y condici\u00f3n, la doctrina que en el lema se encierra, desarrollando sus actividades e iniciativas principales orientadas al aspecto social vasco y de car\u00e1cter cultural y ben\u00e9fico<\/em>. El art\u00edculo 2\u00ba especifica: esta Asociaci\u00f3n <em>Emakume Abertzale Batza, ser\u00e1 filial del Partido Nacionalista Vasco en cuyo seno naci\u00f3 y a cuyo amparo desarrollar\u00e1 sus iniciativas<\/em>.<\/p>\n<p style=\"text-align: justify;\">Respecto al resto del Reglamento, daremos a conocer de forma general el contenido presentando un resumido aspecto de los conceptos que nos parecen m\u00e1s importantes, aunque para no alargar demasiado este trabajo, dejaremos de considerar otras informaciones que contiene el mismo, con una gran profusi\u00f3n de detalles espec\u00edficos de esta Asociaci\u00f3n.<\/p>\n<p style=\"text-align: justify;\">Los cap\u00edtulos siguientes hasta en noveno, desarrollan cada uno de ellos diversos art\u00edculos, en uno de ellos en particular se determina: <em>que el deber de los asociados euskaldunes es hablar en euskera en los locales de la Sociedad, y los que no lo sepan procurar aprenderlo<\/em>.<\/p>\n<div id=\"attachment_25829\" style=\"width: 310px\" class=\"wp-caption alignright\"><a href=\"https:\/\/tutoberri.info\/wp-content\/uploads\/2023\/06\/AsociacionesJosetxo20233.jpg\"><img loading=\"lazy\" decoding=\"async\" aria-describedby=\"caption-attachment-25829\" class=\"size-medium wp-image-25829\" src=\"https:\/\/tutoberri.info\/wp-content\/uploads\/2023\/06\/AsociacionesJosetxo20233-300x138.jpg\" alt=\"\" width=\"300\" height=\"138\" srcset=\"https:\/\/tutoberri.info\/wp-content\/uploads\/2023\/06\/AsociacionesJosetxo20233-300x138.jpg 300w, https:\/\/tutoberri.info\/wp-content\/uploads\/2023\/06\/AsociacionesJosetxo20233-1024x472.jpg 1024w, https:\/\/tutoberri.info\/wp-content\/uploads\/2023\/06\/AsociacionesJosetxo20233-768x354.jpg 768w, https:\/\/tutoberri.info\/wp-content\/uploads\/2023\/06\/AsociacionesJosetxo20233-980x450.jpg 980w, https:\/\/tutoberri.info\/wp-content\/uploads\/2023\/06\/AsociacionesJosetxo20233.jpg 1300w\" sizes=\"auto, (max-width: 300px) 100vw, 300px\" \/><\/a><p id=\"caption-attachment-25829\" class=\"wp-caption-text\">Una parte de los art\u00edculos del Reglamento de la Asociaci\u00f3n de la mujer patriota. (Emakume Abertzale Batza)<\/p><\/div>\n<p style=\"text-align: justify;\">En lo relativo al funcionamiento de la propia Asociaci\u00f3n se manifiesta que dicha entidad: <em>no se adherir\u00e1 a ninguna manifestaci\u00f3n que tenga car\u00e1cter anti cat\u00f3lico o anti vasco, y proh\u00edbe a sus miembros el tomar parte en alguna de ellas, bajo pena de expulsi\u00f3n<\/em>. Tambi\u00e9n se especifica el modo de ingresar en esta Asociaci\u00f3n, las cuotas a pagar seg\u00fan la divisi\u00f3n entre <em>asociadas aspirantes y asociadas de n\u00famero<\/em>, con amplios detalles sobre el particular. Un cap\u00edtulo importante corresponde a la determinaci\u00f3n de los cargos que deben llevar el control de este Organismo y el desarrollo de las funciones espec\u00edficas de cada uno a las personas a las que se les asignen.<\/p>\n<p style=\"text-align: justify;\">Se determina en el propio reglamento que son irrevocables una serie de art\u00edculos que se nombran, y con respecto al Capitulo d\u00e9cimo de las disposiciones finales, en el art\u00edculo 45 se se\u00f1ala: <em>Ninguno de los acuerdos que se tomen llevan intenci\u00f3n injuriosa y, por tanto, ninguna de las asociadas tendr\u00e1 acci\u00f3n de injuria por los acuerdos de expulsi\u00f3n o cualquier otro que pueda adoptarse<\/em>. En el art\u00edculo 46 y ultimo del Inventario se determina: <em>El domicilio social se fija en el centro vasco de Aoiz<\/em>.<\/p>\n<p style=\"text-align: justify;\">Al final de este documento fechado en Aoiz el 15 de enero de 1932, aparecen las firmas de la comisi\u00f3n gestora que realiza la petici\u00f3n de legalidad, que corresponden a D\u00e1masa Machinandiarena y Victoria Tapia.<\/p>\n<p style=\"text-align: justify;\">En este \u00faltimo documento que se aporta, podemos comprobar el nombramiento de las personas que se designan para los cargos, que seg\u00fan el Reglamento van a dirigir y controlar la nombrada Asociaci\u00f3n.<\/p>\n<div id=\"attachment_25830\" style=\"width: 310px\" class=\"wp-caption alignright\"><a href=\"https:\/\/tutoberri.info\/wp-content\/uploads\/2023\/06\/AsociacionesJosetxo20234.jpg\"><img loading=\"lazy\" decoding=\"async\" aria-describedby=\"caption-attachment-25830\" class=\"size-medium wp-image-25830\" src=\"https:\/\/tutoberri.info\/wp-content\/uploads\/2023\/06\/AsociacionesJosetxo20234-300x138.jpg\" alt=\"\" width=\"300\" height=\"138\" srcset=\"https:\/\/tutoberri.info\/wp-content\/uploads\/2023\/06\/AsociacionesJosetxo20234-300x138.jpg 300w, https:\/\/tutoberri.info\/wp-content\/uploads\/2023\/06\/AsociacionesJosetxo20234-1024x472.jpg 1024w, https:\/\/tutoberri.info\/wp-content\/uploads\/2023\/06\/AsociacionesJosetxo20234-768x354.jpg 768w, https:\/\/tutoberri.info\/wp-content\/uploads\/2023\/06\/AsociacionesJosetxo20234-980x450.jpg 980w, https:\/\/tutoberri.info\/wp-content\/uploads\/2023\/06\/AsociacionesJosetxo20234.jpg 1300w\" sizes=\"auto, (max-width: 300px) 100vw, 300px\" \/><\/a><p id=\"caption-attachment-25830\" class=\"wp-caption-text\">Documento con los nombres y cargos que se van a ocupar de la gesti\u00f3n de esta agrupaci\u00f3n <em>Emakune Abertzale Batza<\/em> (Asociaci\u00f3n de la mujer patriota)<\/p><\/div>\n<p style=\"text-align: justify;\">Este \u00faltimo documento est\u00e1 firmado por la presidenta de esta Asociaci\u00f3n, \u00c1gueda Go\u00f1i y por la secretaria de la misma, Teresa Villanueva. Se inscribe en Aoiz el 3 de febrero de 1932.<\/p>\n<p style=\"text-align: justify;\">Como comentario final a este trabajo sobre la Historia de la villa de Aoiz, hago constar mi sorpresa al conocer estos documentos aportados, que nos permiten conocer y presentar una parte importante e interesante de ella. Los tr\u00e1gicos episodios que sucedieron a partir de la Guerra Civil de Espa\u00f1a del a\u00f1o 1936-1939 y sus dram\u00e1ticos resultados impidieron a nuestros antepasados recientes, que son contempor\u00e1neos de los nombres que hemos compartido en este trabajo, no pudieron contarnos estos episodios de la vida hist\u00f3rica en Aoiz. Estos familiares nuestros, se encontraron con unas dificultades enormes que les impidieron relatar esta parte de nuestra historia anterior al r\u00e9gimen franquista posterior, que tuvimos que vivir y soportar durante m\u00e1s de 40 a\u00f1os.<\/p>\n<p style=\"text-align: justify;\">Estamos dispuestos a dar desarrollo y conocimiento a esta parte de nuestra historia de Aoiz, que se nos impidi\u00f3 conocer anteriormente, por el miedo y la represi\u00f3n brutal que se instal\u00f3 en nuestra tierra. Para ello sacaremos cuanta informaci\u00f3n podamos obtener de los Archivos de Navarra.<\/p>\n<p style=\"text-align: right;\"><em>Josetxo Paternan Nagore, miembro de la Agrupaci\u00f3n cultural HIDEA de la villa de Aoiz<\/em><\/p>\n","protected":false},"excerpt":{"rendered":"<p>Despu\u00e9s de haber obtenido una amplia informaci\u00f3n en documentos del Archivo General de Navarra sobre la implantaci\u00f3n en nuestra villa de Aoiz de una serie&#46;&#46;&#46;<\/p>\n","protected":false},"author":26,"featured_media":25830,"comment_status":"closed","ping_status":"closed","sticky":false,"template":"","format":"standard","meta":{"footnotes":""},"categories":[27],"tags":[],"class_list":["post-25826","post","type-post","status-publish","format-standard","has-post-thumbnail","hentry","category-historia"],"_links":{"self":[{"href":"https:\/\/tutoberri.info\/index.php?rest_route=\/wp\/v2\/posts\/25826","targetHints":{"allow":["GET"]}}],"collection":[{"href":"https:\/\/tutoberri.info\/index.php?rest_route=\/wp\/v2\/posts"}],"about":[{"href":"https:\/\/tutoberri.info\/index.php?rest_route=\/wp\/v2\/types\/post"}],"author":[{"embeddable":true,"href":"https:\/\/tutoberri.info\/index.php?rest_route=\/wp\/v2\/users\/26"}],"replies":[{"embeddable":true,"href":"https:\/\/tutoberri.info\/index.php?rest_route=%2Fwp%2Fv2%2Fcomments&post=25826"}],"version-history":[{"count":2,"href":"https:\/\/tutoberri.info\/index.php?rest_route=\/wp\/v2\/posts\/25826\/revisions"}],"predecessor-version":[{"id":28501,"href":"https:\/\/tutoberri.info\/index.php?rest_route=\/wp\/v2\/posts\/25826\/revisions\/28501"}],"wp:featuredmedia":[{"embeddable":true,"href":"https:\/\/tutoberri.info\/index.php?rest_route=\/wp\/v2\/media\/25830"}],"wp:attachment":[{"href":"https:\/\/tutoberri.info\/index.php?rest_route=%2Fwp%2Fv2%2Fmedia&parent=25826"}],"wp:term":[{"taxonomy":"category","embeddable":true,"href":"https:\/\/tutoberri.info\/index.php?rest_route=%2Fwp%2Fv2%2Fcategories&post=25826"},{"taxonomy":"post_tag","embeddable":true,"href":"https:\/\/tutoberri.info\/index.php?rest_route=%2Fwp%2Fv2%2Ftags&post=25826"}],"curies":[{"name":"wp","href":"https:\/\/api.w.org\/{rel}","templated":true}]}}