{"id":2567,"date":"2013-06-22T14:06:24","date_gmt":"2013-06-22T12:06:24","guid":{"rendered":"http:\/\/tutoberri.info\/?p=2567"},"modified":"2019-01-28T11:51:41","modified_gmt":"2019-01-28T10:51:41","slug":"una-iniciativa-privada-propone-recuperar-la-vieja-central-hidroelectrica-de-aoiz","status":"publish","type":"post","link":"https:\/\/tutoberri.info\/?p=2567","title":{"rendered":"Una iniciativa privada propone recuperar la vieja central hidroel\u00e9ctrica de Aoiz"},"content":{"rendered":"<p style=\"text-align: justify;\"><a href=\"https:\/\/tutoberri.info\/wp-content\/uploads\/2013\/06\/13067131_090efb2f.jpg\"><img loading=\"lazy\" decoding=\"async\" class=\"size-medium wp-image-2569 alignleft\" alt=\"_13067131_090efb2f\" src=\"https:\/\/tutoberri.info\/wp-content\/uploads\/2013\/06\/13067131_090efb2f-300x214.jpg\" width=\"300\" height=\"214\" srcset=\"https:\/\/tutoberri.info\/wp-content\/uploads\/2013\/06\/13067131_090efb2f-300x214.jpg 300w, https:\/\/tutoberri.info\/wp-content\/uploads\/2013\/06\/13067131_090efb2f-495x354.jpg 495w, https:\/\/tutoberri.info\/wp-content\/uploads\/2013\/06\/13067131_090efb2f-50x35.jpg 50w, https:\/\/tutoberri.info\/wp-content\/uploads\/2013\/06\/13067131_090efb2f-90x65.jpg 90w, https:\/\/tutoberri.info\/wp-content\/uploads\/2013\/06\/13067131_090efb2f.jpg 990w\" sizes=\"auto, (max-width: 300px) 100vw, 300px\" \/><\/a>Hay esperanza para el que es pr\u00e1cticamente el \u00faltimo vestigio de la emblem\u00e1tica empresa maderera, qu\u00edmica, el\u00e9ctrica y ferroviaria<strong> El Irati SA<\/strong> en <strong>Aoiz<\/strong>. Despu\u00e9s de conocerse que el Gobierno foral barajaba el derribo de la antigua central hidroel\u00e9ctrica que funcion\u00f3 en la localidad de 1910 a finales de los a\u00f1os 90, hoy foco de continuos robos de cobre y metales, y en no muy buen estado de conservaci\u00f3n, el Ayuntamiento ha recibido una propuesta particular para volverla a poner en marcha.<\/p>\n<p style=\"text-align: justify;\">Seg\u00fan explica el alcalde, <strong>Unai Lako<\/strong> (Bildu), \u00abhay una propuesta para recuperar la actividad de la central y, en caso de que se logre, habilitar una zona para visitas\u00bb. \u00abLos promotores estar\u00edan dispuestos a hacer una inversi\u00f3n si se les garantiza la concesi\u00f3n del flujo de agua que ahora baja, y que est\u00e1 en posesi\u00f3n de <strong>Canasa <\/strong>(empresa p\u00fablica que construye y gestiona el<strong> Canal de Navarra<\/strong>)\u00bb.<\/p>\n<p style=\"text-align: justify;\">A\u00f1ade que los interesados \u00abhan estado ya viendo las instalaciones y los tubos del salto de agua\u00bb con el Ayuntamiento y con la<strong> Confederaci\u00f3n Hidrogr\u00e1fica del Ebro<\/strong> (CHE). La central es hoy propiedad del Ejecutivo foral.<\/p>\n<p style=\"text-align: justify;\">\u00abDesde el departamento de Obras P\u00fablicas nos van a concertar una cita con Canasa para, precisamente, hacerles llegar esta propuesta y ver en qu\u00e9 disposici\u00f3n est\u00e1n. De lo que nos contesten, depender\u00e1 que el proyecto pueda llevarse a cabo o no. Hasta que no se produzca la reuni\u00f3n, Obras P\u00fablicas nos dice que no va a hacer nada con la central\u00bb, indica.<\/p>\n<p style=\"text-align: justify;\">\u00abCreo que ser\u00eda importante que se tuviera en cuenta esta opci\u00f3n para que finalmente se haga algo en la central y no se pierda este patrimonio\u00bb, considera.<\/p>\n<p style=\"text-align: justify;\"><strong>Exposici\u00f3n y documental<\/strong><\/p>\n<p style=\"text-align: justify;\">Del mismo modo, y tras la publicaci\u00f3n de un art\u00edculo sobre el posible derribo de la central en este peri\u00f3dico, otra persona se puso en contacto con el consistorio para facilitar una copia de todo el material del que dispone relacionado con El Irati.<\/p>\n<p style=\"text-align: justify;\">\u00abEs un enamorado de las centrales hidroel\u00e9ctricas y todo lo que tiene que ver con ese mundillo. Ha ido recopilando fotograf\u00edas, art\u00edculos, audiovisuales y trabajos relacionados con <strong>El Irati<\/strong> (la saca de madera, su transporte, el tratamiento, las centrales&#8230;). En su d\u00eda, como hab\u00eda un proyecto para convertir la central en un museo, don\u00f3 ya una copia de todo lo relacionado con Aoiz a la<strong> Fundaci\u00f3n Itoiz<\/strong>\u00ab, explica Lako.<\/p>\n<p style=\"text-align: justify;\">\u00abTenemos intenci\u00f3n de hacer una exposici\u00f3n con ese material m\u00e1s adelante, independientemente de si podemos o no convertir la central en museo, porque nos parece muy interesante. Hay cosas muy curiosas\u00bb, asegura.<\/p>\n<p style=\"text-align: justify;\">Asimismo, y en torno a la extinta sociedad El Irati, se va a proyectar el viernes 28 en la casa de cultura, a las 20.00 horas, el documental <strong>Pagoa<\/strong>. Memorias de El Irati. Es el proyecto fin de carrera de las j\u00f3venes agoizkas <strong>Edurne Ma\u00f1\u00fa <\/strong>y<strong> Rut Etxarte<\/strong>. Ese d\u00eda, el etn\u00f3grafo <strong>Fernando Hualde <\/strong>presentar\u00e1 tambi\u00e9n un libro sobre el tren Irati.<\/p>\n<p style=\"text-align: right;\"><em>Komunikabidea: <a href=\"http:\/\/www.diariodenavarra.es\/noticias\/navarra\/zona_norte_oriental\/2013\/06\/20\/una_iniciativa_privada_propone_recuperar_vieja_central_hidroelectrica_aoiz_121385_1010.html\">Diario de Navarra<\/a><\/em><\/p>\n","protected":false},"excerpt":{"rendered":"<p>Hay esperanza para el que es pr\u00e1cticamente el \u00faltimo vestigio de la emblem\u00e1tica empresa maderera, qu\u00edmica, el\u00e9ctrica y ferroviaria El Irati SA en Aoiz. Despu\u00e9s&#46;&#46;&#46;<\/p>\n","protected":false},"author":2021,"featured_media":2569,"comment_status":"open","ping_status":"closed","sticky":false,"template":"","format":"standard","meta":{"footnotes":""},"categories":[20],"tags":[],"class_list":["post-2567","post","type-post","status-publish","format-standard","has-post-thumbnail","hentry","category-hirigintza"],"_links":{"self":[{"href":"https:\/\/tutoberri.info\/index.php?rest_route=\/wp\/v2\/posts\/2567","targetHints":{"allow":["GET"]}}],"collection":[{"href":"https:\/\/tutoberri.info\/index.php?rest_route=\/wp\/v2\/posts"}],"about":[{"href":"https:\/\/tutoberri.info\/index.php?rest_route=\/wp\/v2\/types\/post"}],"author":[{"embeddable":true,"href":"https:\/\/tutoberri.info\/index.php?rest_route=\/wp\/v2\/users\/2021"}],"replies":[{"embeddable":true,"href":"https:\/\/tutoberri.info\/index.php?rest_route=%2Fwp%2Fv2%2Fcomments&post=2567"}],"version-history":[{"count":3,"href":"https:\/\/tutoberri.info\/index.php?rest_route=\/wp\/v2\/posts\/2567\/revisions"}],"predecessor-version":[{"id":5049,"href":"https:\/\/tutoberri.info\/index.php?rest_route=\/wp\/v2\/posts\/2567\/revisions\/5049"}],"wp:featuredmedia":[{"embeddable":true,"href":"https:\/\/tutoberri.info\/index.php?rest_route=\/wp\/v2\/media\/2569"}],"wp:attachment":[{"href":"https:\/\/tutoberri.info\/index.php?rest_route=%2Fwp%2Fv2%2Fmedia&parent=2567"}],"wp:term":[{"taxonomy":"category","embeddable":true,"href":"https:\/\/tutoberri.info\/index.php?rest_route=%2Fwp%2Fv2%2Fcategories&post=2567"},{"taxonomy":"post_tag","embeddable":true,"href":"https:\/\/tutoberri.info\/index.php?rest_route=%2Fwp%2Fv2%2Ftags&post=2567"}],"curies":[{"name":"wp","href":"https:\/\/api.w.org\/{rel}","templated":true}]}}