{"id":25483,"date":"2023-05-29T01:45:00","date_gmt":"2023-05-28T23:45:00","guid":{"rendered":"http:\/\/tutoberri.info\/?p=25483"},"modified":"2023-05-27T18:48:54","modified_gmt":"2023-05-27T16:48:54","slug":"25483","status":"publish","type":"post","link":"https:\/\/tutoberri.info\/?p=25483","title":{"rendered":"Pello Guerra: \u00abEn \u2018El diario de Mola\u2019 mezclo novela hist\u00f3rica y novela negra\u00bb"},"content":{"rendered":"<p style=\"text-align: justify;\">Pello Guerra publica su octavo libro con Pamiela y abandona su habitual tem\u00e1tica relacionada con el Reino de Nafarroa para recrear la Iru\u00f1ea de 1937, marcada por el triunfo franquista y la figura de Emilio Mola.<\/p>\n<p style=\"text-align: justify;\"><strong>Este es ya su octavo libro de novela hist\u00f3rica. En esta ocasi\u00f3n ha dejado la \u00e9poca del Reino de Nafarroa para recrear la Iru\u00f1ea de 1937. \u00bfA qu\u00e9 se debe este salto en el tiempo?<\/strong><\/p>\n<p style=\"text-align: justify;\">Esta es la segunda historia con la que me adentro en el siglo XX y me gusta decir que las dos han venido a buscarme. Me explico. En la primera, \u2018La Escondida, una revoluci\u00f3n entre ca\u00f1as de az\u00facar\u2019, cuento la historia de unos emigrantes vascos que se desplazan a M\u00e9xico a comienzos del siglo XX para trabajar para otros vascos que ten\u00edan negocios en el estado de Nayarit, en la costa del Pac\u00edfico mexicana. Esta historia es real, ya que uno de sus descendientes, Javier Castro, me envi\u00f3 en un paquete que me hizo llegar desde Shanghai, donde entonces trabajaba, la informaci\u00f3n que hab\u00eda recopilado sobre esos familiares. Lo que me hizo llegar me cautiv\u00f3 y termin\u00e9 novelando su historia. Y en el caso de \u2018El diario de Mola\u2019, me plantearon hacer un trabajo sobre lugares de memoria de la guerra del 36 y document\u00e1ndome para prepararlo, di con un dato que me sorprendi\u00f3, empec\u00e9 a tirar del hilo y con lo que descubr\u00ed, fue surgiendo la historia que finalmente recojo en la novela. Entonces, en esa particular \u2018guerra civil\u2019 entre el ensayo y la novela, se impuso esta \u00faltima.<\/p>\n<p style=\"text-align: justify;\"><em>Para seguir leyendo la noticia original, <a href=\"https:\/\/www.naiz.eus\/es\/info\/noticia\/20230527\/en-mi-nuevo-libro-mezclo-el-genero-de-la-novela-historica-con-la-negra\" target=\"_blank\" rel=\"noopener noreferrer\">clicar aqu\u00ed<\/a>.<\/em><\/p>\n","protected":false},"excerpt":{"rendered":"<p>Pello Guerra publica su octavo libro con Pamiela y abandona su habitual tem\u00e1tica relacionada con el Reino de Nafarroa para recrear la Iru\u00f1ea de 1937,&#46;&#46;&#46;<\/p>\n","protected":false},"author":2022,"featured_media":25484,"comment_status":"closed","ping_status":"closed","sticky":false,"template":"","format":"standard","meta":{"footnotes":""},"categories":[1],"tags":[],"class_list":["post-25483","post","type-post","status-publish","format-standard","has-post-thumbnail","hentry","category-arte"],"_links":{"self":[{"href":"https:\/\/tutoberri.info\/index.php?rest_route=\/wp\/v2\/posts\/25483","targetHints":{"allow":["GET"]}}],"collection":[{"href":"https:\/\/tutoberri.info\/index.php?rest_route=\/wp\/v2\/posts"}],"about":[{"href":"https:\/\/tutoberri.info\/index.php?rest_route=\/wp\/v2\/types\/post"}],"author":[{"embeddable":true,"href":"https:\/\/tutoberri.info\/index.php?rest_route=\/wp\/v2\/users\/2022"}],"replies":[{"embeddable":true,"href":"https:\/\/tutoberri.info\/index.php?rest_route=%2Fwp%2Fv2%2Fcomments&post=25483"}],"version-history":[{"count":2,"href":"https:\/\/tutoberri.info\/index.php?rest_route=\/wp\/v2\/posts\/25483\/revisions"}],"predecessor-version":[{"id":25486,"href":"https:\/\/tutoberri.info\/index.php?rest_route=\/wp\/v2\/posts\/25483\/revisions\/25486"}],"wp:featuredmedia":[{"embeddable":true,"href":"https:\/\/tutoberri.info\/index.php?rest_route=\/wp\/v2\/media\/25484"}],"wp:attachment":[{"href":"https:\/\/tutoberri.info\/index.php?rest_route=%2Fwp%2Fv2%2Fmedia&parent=25483"}],"wp:term":[{"taxonomy":"category","embeddable":true,"href":"https:\/\/tutoberri.info\/index.php?rest_route=%2Fwp%2Fv2%2Fcategories&post=25483"},{"taxonomy":"post_tag","embeddable":true,"href":"https:\/\/tutoberri.info\/index.php?rest_route=%2Fwp%2Fv2%2Ftags&post=25483"}],"curies":[{"name":"wp","href":"https:\/\/api.w.org\/{rel}","templated":true}]}}