{"id":17597,"date":"2018-11-26T14:05:18","date_gmt":"2018-11-26T13:05:18","guid":{"rendered":"http:\/\/tutoberri.info\/?p=17597"},"modified":"2019-01-28T12:10:59","modified_gmt":"2019-01-28T11:10:59","slug":"cientos-de-personas-recuerdan-a-mikel-zabalza","status":"publish","type":"post","link":"https:\/\/tutoberri.info\/?p=17597","title":{"rendered":"Cientos de personas recuerdan a Mikel Zabalza"},"content":{"rendered":"<p style=\"text-align: right;\"><em>Komunikabidea: <a href=\"https:\/\/www.noticiasdenavarra.com\/2018\/11\/26\/politica\/navarra\/cientos-de-personas-recuerdan-a-mikel-zabalza\" target=\"_blank\" rel=\"noopener\">Diario de Noticias<\/a><\/em><\/p>\n<div id=\"attachment_17598\" style=\"width: 310px\" class=\"wp-caption alignright\"><a href=\"https:\/\/tutoberri.info\/wp-content\/uploads\/2018\/11\/homenajezabalza2018.jpg\"><img loading=\"lazy\" decoding=\"async\" aria-describedby=\"caption-attachment-17598\" class=\"size-medium wp-image-17598\" src=\"https:\/\/tutoberri.info\/wp-content\/uploads\/2018\/11\/homenajezabalza2018-300x170.jpg\" alt=\"\" width=\"300\" height=\"170\" srcset=\"https:\/\/tutoberri.info\/wp-content\/uploads\/2018\/11\/homenajezabalza2018-300x170.jpg 300w, https:\/\/tutoberri.info\/wp-content\/uploads\/2018\/11\/homenajezabalza2018.jpg 617w\" sizes=\"auto, (max-width: 300px) 100vw, 300px\" \/><\/a><p id=\"caption-attachment-17598\" class=\"wp-caption-text\">Una dantzari baila frente al monolito que recuerda a Mikel Zabalza<\/p><\/div>\n<p style=\"text-align: justify;\">Cientos de personas recordaron ayer a Mikel Zabalza frente a su casa natal, en la F\u00e1brica de Armas de Orbaizeta, como se viene haciendo hace 33 a\u00f1os. Un a\u00f1o m\u00e1s se volvi\u00f3 a reivindicar verdad, justicia, reparaci\u00f3n y garant\u00edas de que no vuelva a suceder. \u201cEl caso de Mikel Zabalza no es un caso aislado, hay muchos m\u00e1s silenciados, sin verdad, sin justicia y sin reparaci\u00f3n\u201d, indic\u00f3 Eneko Villegas en nombre de la plataforma Mikel Zabalza Gogoan. La plataforma solicit\u00f3 al Gobierno de Navarra que act\u00fae con valent\u00eda en la investigaci\u00f3n y reconocimiento a las v\u00edctimas de la violencia policial, que no se limite a investigar los casos entre 1960 y 1978.<\/p>\n<p style=\"text-align: justify;\">En ese sentido, para subrayar que el caso de Mikel Zabalza \u201cno es algo aislado\u201d, Marilo Gorostiaga record\u00f3 que ella tuvo el valor de denunciar las torturas sufridas, pero su caso fue archivado. Tambi\u00e9n record\u00f3 a las mujeres que sufren malos tratos. \u201cEso no es justicia. Es tremenda la diferencia que se da de sexos, como se tortura a las mujeres. Se incide en el tema sexual\u201d, subray\u00f3 Gorostiaga, que consider\u00f3 que la violencia contra las mujeres es \u201cinstitucional\u201d, y que ese tipo de violencias \u201chay que reconocerlas. Tampoco es justicia que no se reconozcan como v\u00edctimas de la violencia policial los casos como el de Mikel Zabalza. Como no es justicia tampoco lo que est\u00e1 pasando con\u00a0<i>La Manada<\/i>, con los j\u00f3venes de Altsasu\u201d, denunci\u00f3.<\/p>\n<p style=\"text-align: justify;\">La m\u00fasica del grupo Koiuntura acompa\u00f1\u00f3 un homenaje al que acudieron el director de Paz, Convivencia y Derechos Humanos del Gobierno de Navarra, \u00c1lvaro Baraibar, y la responsable de la oficina de atenci\u00f3n a las v\u00edctimas Blanca Burusko, as\u00ed como el portavoz parlamentario de EH Bildu, Adolfo Araiz. &#8211; D.N.<\/p>\n<p style=\"text-align: justify;\"><strong>MUERTE EN INTXAURRONDO.<\/strong> Mikel Zabalza fue detenido por la Guardia Civil el 26 de noviembre de 1985 en San Sebasti\u00e1n. Se dio por desaparecido. Seg\u00fan la versi\u00f3n oficial, los agentes lo trasladaron a Endarlatsa para identificar un zulo y escap\u00f3 saltando al r\u00edo Bidasoa. Durante veinte d\u00edas se rastre\u00f3 toda la zona para encontrarlo. Al final, la Guardia Civil encontr\u00f3 su cuerpo en el r\u00edo Bidasoa, el 15 de diciembre. La familia nunca ha cre\u00eddo la versi\u00f3n oficial, denunciando que muri\u00f3 mientras se le practicaba la tortura en el cuartel de Intxaurrondo. La muerte de Mikel Zabalza toc\u00f3 profundamente a la sociedad navarra. &#8211; D.N.<\/p>\n<p style=\"text-align: right;\"><em>Komunikabidea: <a href=\"https:\/\/www.noticiasdenavarra.com\/2018\/11\/26\/politica\/navarra\/cientos-de-personas-recuerdan-a-mikel-zabalza\" target=\"_blank\" rel=\"noopener\">Diario de Noticias<\/a><\/em><\/p>\n","protected":false},"excerpt":{"rendered":"<p>Komunikabidea: Diario de Noticias Cientos de personas recordaron ayer a Mikel Zabalza frente a su casa natal, en la F\u00e1brica de Armas de Orbaizeta, como&#46;&#46;&#46;<\/p>\n","protected":false},"author":2020,"featured_media":17598,"comment_status":"open","ping_status":"closed","sticky":false,"template":"","format":"standard","meta":{"footnotes":""},"categories":[27],"tags":[],"class_list":["post-17597","post","type-post","status-publish","format-standard","has-post-thumbnail","hentry","category-historia"],"_links":{"self":[{"href":"https:\/\/tutoberri.info\/index.php?rest_route=\/wp\/v2\/posts\/17597","targetHints":{"allow":["GET"]}}],"collection":[{"href":"https:\/\/tutoberri.info\/index.php?rest_route=\/wp\/v2\/posts"}],"about":[{"href":"https:\/\/tutoberri.info\/index.php?rest_route=\/wp\/v2\/types\/post"}],"author":[{"embeddable":true,"href":"https:\/\/tutoberri.info\/index.php?rest_route=\/wp\/v2\/users\/2020"}],"replies":[{"embeddable":true,"href":"https:\/\/tutoberri.info\/index.php?rest_route=%2Fwp%2Fv2%2Fcomments&post=17597"}],"version-history":[{"count":1,"href":"https:\/\/tutoberri.info\/index.php?rest_route=\/wp\/v2\/posts\/17597\/revisions"}],"predecessor-version":[{"id":17599,"href":"https:\/\/tutoberri.info\/index.php?rest_route=\/wp\/v2\/posts\/17597\/revisions\/17599"}],"wp:featuredmedia":[{"embeddable":true,"href":"https:\/\/tutoberri.info\/index.php?rest_route=\/wp\/v2\/media\/17598"}],"wp:attachment":[{"href":"https:\/\/tutoberri.info\/index.php?rest_route=%2Fwp%2Fv2%2Fmedia&parent=17597"}],"wp:term":[{"taxonomy":"category","embeddable":true,"href":"https:\/\/tutoberri.info\/index.php?rest_route=%2Fwp%2Fv2%2Fcategories&post=17597"},{"taxonomy":"post_tag","embeddable":true,"href":"https:\/\/tutoberri.info\/index.php?rest_route=%2Fwp%2Fv2%2Ftags&post=17597"}],"curies":[{"name":"wp","href":"https:\/\/api.w.org\/{rel}","templated":true}]}}