{"id":17591,"date":"2018-11-24T12:21:51","date_gmt":"2018-11-24T11:21:51","guid":{"rendered":"http:\/\/tutoberri.info\/?p=17591"},"modified":"2019-01-28T11:47:34","modified_gmt":"2019-01-28T10:47:34","slug":"aoiz-habilitara-un-edificio-de-caracter-social-que-acogera-una-jubiloteca","status":"publish","type":"post","link":"https:\/\/tutoberri.info\/?p=17591","title":{"rendered":"Aoiz habilitar\u00e1 un edificio de car\u00e1cter social que acoger\u00e1 una jubiloteca"},"content":{"rendered":"<p style=\"text-align: right;\"><em>Komunikabidea: <\/em><a href=\"https:\/\/www.diariodenavarra.es\/noticias\/navarra\/sanguesa-merindad\/2018\/11\/22\/aoiz-habilitara-edificio-caracter-social-que-acogera-una-jubiloteca-622249-1010.html\" target=\"_blank\" rel=\"noopener\"><em>Diario de Navarra<\/em><\/a><\/p>\n<div id=\"attachment_17592\" style=\"width: 310px\" class=\"wp-caption alignright\"><a href=\"https:\/\/tutoberri.info\/wp-content\/uploads\/2018\/11\/camineros.jpg\"><img loading=\"lazy\" decoding=\"async\" aria-describedby=\"caption-attachment-17592\" class=\"size-medium wp-image-17592\" src=\"https:\/\/tutoberri.info\/wp-content\/uploads\/2018\/11\/camineros-300x172.jpg\" alt=\"\" width=\"300\" height=\"172\" srcset=\"https:\/\/tutoberri.info\/wp-content\/uploads\/2018\/11\/camineros-300x172.jpg 300w, https:\/\/tutoberri.info\/wp-content\/uploads\/2018\/11\/camineros.jpg 629w\" sizes=\"auto, (max-width: 300px) 100vw, 300px\" \/><\/a><p id=\"caption-attachment-17592\" class=\"wp-caption-text\">Edificio del parque de camineros que se va a reconvertir en &#8216;Gizartetxea&#8217;.<br \/>Aser Vidondo<\/p><\/div>\n<p style=\"text-align: justify;\">\u2018Gizartetxea\u2019 ser\u00e1 su nombre. La \u2018casa de lo social\u2019. Un proyecto perseguido desde hace a\u00f1os por el Ayuntamiento de Aoiz y que ahora va a empezar a cristalizar. Ya est\u00e1n en marcha los trabajos que culminar\u00e1n con la reforma de un edificio del antiguo parque de camineros que cedi\u00f3 el Gobierno foral en 2016 y que acoger\u00e1, entre otros servicios, una jubiloteca.<\/p>\n<p style=\"text-align: right;\"><em>Komunikabidea: <\/em><a href=\"https:\/\/www.diariodenavarra.es\/noticias\/navarra\/sanguesa-merindad\/2018\/11\/22\/aoiz-habilitara-edificio-caracter-social-que-acogera-una-jubiloteca-622249-1010.html\" target=\"_blank\" rel=\"noopener\"><em>Diario de Navarra<\/em><\/a><\/p>\n","protected":false},"excerpt":{"rendered":"<p>Komunikabidea: Diario de Navarra \u2018Gizartetxea\u2019 ser\u00e1 su nombre. La \u2018casa de lo social\u2019. Un proyecto perseguido desde hace a\u00f1os por el Ayuntamiento de Aoiz y&#46;&#46;&#46;<\/p>\n","protected":false},"author":2021,"featured_media":17592,"comment_status":"open","ping_status":"closed","sticky":false,"template":"","format":"standard","meta":{"footnotes":""},"categories":[20],"tags":[],"class_list":["post-17591","post","type-post","status-publish","format-standard","has-post-thumbnail","hentry","category-hirigintza"],"_links":{"self":[{"href":"https:\/\/tutoberri.info\/index.php?rest_route=\/wp\/v2\/posts\/17591","targetHints":{"allow":["GET"]}}],"collection":[{"href":"https:\/\/tutoberri.info\/index.php?rest_route=\/wp\/v2\/posts"}],"about":[{"href":"https:\/\/tutoberri.info\/index.php?rest_route=\/wp\/v2\/types\/post"}],"author":[{"embeddable":true,"href":"https:\/\/tutoberri.info\/index.php?rest_route=\/wp\/v2\/users\/2021"}],"replies":[{"embeddable":true,"href":"https:\/\/tutoberri.info\/index.php?rest_route=%2Fwp%2Fv2%2Fcomments&post=17591"}],"version-history":[{"count":1,"href":"https:\/\/tutoberri.info\/index.php?rest_route=\/wp\/v2\/posts\/17591\/revisions"}],"predecessor-version":[{"id":17593,"href":"https:\/\/tutoberri.info\/index.php?rest_route=\/wp\/v2\/posts\/17591\/revisions\/17593"}],"wp:featuredmedia":[{"embeddable":true,"href":"https:\/\/tutoberri.info\/index.php?rest_route=\/wp\/v2\/media\/17592"}],"wp:attachment":[{"href":"https:\/\/tutoberri.info\/index.php?rest_route=%2Fwp%2Fv2%2Fmedia&parent=17591"}],"wp:term":[{"taxonomy":"category","embeddable":true,"href":"https:\/\/tutoberri.info\/index.php?rest_route=%2Fwp%2Fv2%2Fcategories&post=17591"},{"taxonomy":"post_tag","embeddable":true,"href":"https:\/\/tutoberri.info\/index.php?rest_route=%2Fwp%2Fv2%2Ftags&post=17591"}],"curies":[{"name":"wp","href":"https:\/\/api.w.org\/{rel}","templated":true}]}}