{"id":17381,"date":"2018-09-22T21:21:04","date_gmt":"2018-09-22T19:21:04","guid":{"rendered":"http:\/\/tutoberri.info\/?p=17381"},"modified":"2019-01-28T11:47:50","modified_gmt":"2019-01-28T10:47:50","slug":"historias-detras-de-las-historias-de-aoiz","status":"publish","type":"post","link":"https:\/\/tutoberri.info\/?p=17381","title":{"rendered":"Historias detr\u00e1s de las &#8216;Historias de Aoiz&#8217;"},"content":{"rendered":"<p style=\"text-align: right;\"><em>Komunikabidea: <\/em><a href=\"https:\/\/www.diariodenavarra.es\/noticias\/navarra\/sanguesa-merindad\/2018\/09\/22\/historias-detras-las-historias-aoiz-612049-1010.html\" target=\"_blank\" rel=\"noopener\"><em>Diario de Navarra<\/em><\/a><\/p>\n<div id=\"attachment_17382\" style=\"width: 310px\" class=\"wp-caption alignright\"><a href=\"https:\/\/tutoberri.info\/?attachment_id=17382\" rel=\"attachment wp-att-17382\"><img loading=\"lazy\" decoding=\"async\" aria-describedby=\"caption-attachment-17382\" class=\"size-medium wp-image-17382\" src=\"https:\/\/tutoberri.info\/wp-content\/uploads\/2018\/09\/historiasdeaoiz-300x171.jpg\" alt=\"\" width=\"300\" height=\"171\" srcset=\"https:\/\/tutoberri.info\/wp-content\/uploads\/2018\/09\/historiasdeaoiz-300x171.jpg 300w, https:\/\/tutoberri.info\/wp-content\/uploads\/2018\/09\/historiasdeaoiz.jpg 629w\" sizes=\"auto, (max-width: 300px) 100vw, 300px\" \/><\/a><p id=\"caption-attachment-17382\" class=\"wp-caption-text\">MAQUETA DEL AOIZ DE 1929. Desde la izquierda, los historiadores locales Inma Oroz Rey, Josetxo Patern\u00e1in Nagore y Francisca Oroz Rey, la concejal de Turismo Carmen Cos\u00edn Reta, y el belenista To\u00f1o Villanueva Abaurrea, coautor (junto con Juan Jes\u00fas e Isabel Leache Go\u00f1i) de la maqueta que muestra.<br \/>Aser Vidondo<\/p><\/div>\n<p style=\"text-align: justify;\">La exposici\u00f3n que estos d\u00edas puede visitarse en la casa de cultura de la villa no hubiera sido posible sin el trabajo voluntario de un grupo de vecinos. Historiadores y belenistas han aportado su val\u00eda para trasladar a los agoizkos a tiempos pasados.<\/p>\n<p style=\"text-align: right;\"><em>Komunikabidea: <\/em><a href=\"https:\/\/www.diariodenavarra.es\/noticias\/navarra\/sanguesa-merindad\/2018\/09\/22\/historias-detras-las-historias-aoiz-612049-1010.html\" target=\"_blank\" rel=\"noopener\"><em>Diario de Navarra<\/em><\/a><\/p>\n","protected":false},"excerpt":{"rendered":"<p>Komunikabidea: Diario de Navarra La exposici\u00f3n que estos d\u00edas puede visitarse en la casa de cultura de la villa no hubiera sido posible sin el&#46;&#46;&#46;<\/p>\n","protected":false},"author":2021,"featured_media":17382,"comment_status":"open","ping_status":"closed","sticky":false,"template":"","format":"standard","meta":{"footnotes":""},"categories":[27],"tags":[],"class_list":["post-17381","post","type-post","status-publish","format-standard","has-post-thumbnail","hentry","category-historia"],"_links":{"self":[{"href":"https:\/\/tutoberri.info\/index.php?rest_route=\/wp\/v2\/posts\/17381","targetHints":{"allow":["GET"]}}],"collection":[{"href":"https:\/\/tutoberri.info\/index.php?rest_route=\/wp\/v2\/posts"}],"about":[{"href":"https:\/\/tutoberri.info\/index.php?rest_route=\/wp\/v2\/types\/post"}],"author":[{"embeddable":true,"href":"https:\/\/tutoberri.info\/index.php?rest_route=\/wp\/v2\/users\/2021"}],"replies":[{"embeddable":true,"href":"https:\/\/tutoberri.info\/index.php?rest_route=%2Fwp%2Fv2%2Fcomments&post=17381"}],"version-history":[{"count":1,"href":"https:\/\/tutoberri.info\/index.php?rest_route=\/wp\/v2\/posts\/17381\/revisions"}],"predecessor-version":[{"id":17383,"href":"https:\/\/tutoberri.info\/index.php?rest_route=\/wp\/v2\/posts\/17381\/revisions\/17383"}],"wp:featuredmedia":[{"embeddable":true,"href":"https:\/\/tutoberri.info\/index.php?rest_route=\/wp\/v2\/media\/17382"}],"wp:attachment":[{"href":"https:\/\/tutoberri.info\/index.php?rest_route=%2Fwp%2Fv2%2Fmedia&parent=17381"}],"wp:term":[{"taxonomy":"category","embeddable":true,"href":"https:\/\/tutoberri.info\/index.php?rest_route=%2Fwp%2Fv2%2Fcategories&post=17381"},{"taxonomy":"post_tag","embeddable":true,"href":"https:\/\/tutoberri.info\/index.php?rest_route=%2Fwp%2Fv2%2Ftags&post=17381"}],"curies":[{"name":"wp","href":"https:\/\/api.w.org\/{rel}","templated":true}]}}